{"id":8,"date":"2006-05-15T23:55:18","date_gmt":"2006-05-15T21:55:18","guid":{"rendered":"http:\/\/www.trend-kids.de\/blog\/?p=8"},"modified":"2006-05-15T23:55:18","modified_gmt":"2006-05-15T21:55:18","slug":"familienzuwachs-im-hause-steffens","status":"publish","type":"post","link":"https:\/\/www.trendkids.de\/blog\/8\/familienzuwachs-im-hause-steffens\/","title":{"rendered":"Familienzuwachs im Hause Steffens !"},"content":{"rendered":"<p><img decoding=\"async\" title=\"Karlchen\" alt=\"Karlchen\" src=\"\/bildmaterial\/karlchen.jpg\" \/><\/p>\n<p>Karlchen ist da! 125 cm gro\u00df und 13 kg schwer, sch\u00f6n robust aus\u00a0Kupfer und Sandstein\u00a0! Mein Mann und ich haben uns Karlchen (.. so hat unsere Tochter ihn sogleich getauft) zu unserem 18. Hochzeitstag geg\u00f6nnt. Er ist jetzt der neue H\u00fcter unserer Terrasse. Und wo haben wir ihn gefunden? Unser Wagen, ein &#8222;kleiner&#8220; New Beetle musste mal wieder zur Inspektion und dort im Autohaus fanden wir im Ausstellungsraum einige dieser\u00a0originellen V\u00f6gel, aus Kupfer\/Granit oder auch aus Kupfer\/Sandstein. Karlchen gefiel uns sofort, da der Sandstein eine so sch\u00f6ne Maserung hatte.<\/p>\n<p>Die V\u00f6gel werden in diversen Gr\u00f6\u00dfen und Ausf\u00fchrungen\u00a0von einem der Servicemeister, Herrn Manfred Zurbr\u00fcggen aus Oelde, hergestellt. Er fertigt die V\u00f6gel in\u00a0liebevoller mehrst\u00fcndiger Handarbeit in sein Freizeit an, jedes Exemplar ist ein Unikat. Wer Interesse hat und mehr \u00fcber die &#8222;Kupfer\/Sandsteinv\u00f6gel&#8220; oder &#8222;Kupfer\/Granitv\u00f6gel&#8220; erfahren m\u00f6chte, kann sich gerne bei uns\u00a0\u00fcber unser\u00a0&#8222;Kontakt-Formular&#8220; melden. Wir leiten Ihre Anfrage gerne weiter bzw. stellen den Kontakt her. Karlchen ist jedenfalls sehr pflegeleicht, braucht kein Futter und Wasser, mu\u00df auch nicht gegossen werden und ist schon sehr dekorativ. Mal was anderes!!<\/p>\n","protected":false},"excerpt":{"rendered":"<p>Karlchen ist da! 125 cm gro\u00df und 13 kg schwer, sch\u00f6n robust aus\u00a0Kupfer und Sandstein\u00a0! Mein Mann und ich haben uns Karlchen (.. so hat unsere Tochter ihn sogleich getauft) zu unserem 18. Hochzeitstag geg\u00f6nnt. Er ist jetzt der neue H\u00fcter unserer Terrasse. Und wo haben wir ihn gefunden? Unser Wagen, ein &#8222;kleiner&#8220; New Beetle &#8230; <a title=\"Familienzuwachs im Hause Steffens !\" class=\"read-more\" href=\"https:\/\/www.trendkids.de\/blog\/8\/familienzuwachs-im-hause-steffens\/\">Weiterlesen &#8230;<\/a><\/p>\n","protected":false},"author":2,"featured_media":0,"comment_status":"open","ping_status":"open","sticky":false,"template":"","format":"standard","meta":{"generate_page_header":"","footnotes":""},"categories":[3],"tags":[],"class_list":["post-8","post","type-post","status-publish","format-standard","hentry","category-persoenlich"],"yoast_head":"<!-- This site is optimized with the Yoast SEO plugin v24.8.1 - https:\/\/yoast.com\/wordpress\/plugins\/seo\/ -->\n<title>Familienzuwachs im Hause Steffens ! - on the blog<\/title>\n<meta name=\"robots\" content=\"index, follow, max-snippet:-1, max-image-preview:large, max-video-preview:-1\" \/>\n<link rel=\"canonical\" href=\"https:\/\/www.trendkids.de\/blog\/8\/familienzuwachs-im-hause-steffens\/\" \/>\n<meta property=\"og:locale\" content=\"de_DE\" \/>\n<meta property=\"og:type\" content=\"article\" \/>\n<meta property=\"og:title\" content=\"Familienzuwachs im Hause Steffens ! - on the blog\" \/>\n<meta property=\"og:description\" content=\"Karlchen ist da! 125 cm gro\u00df und 13 kg schwer, sch\u00f6n robust aus\u00a0Kupfer und Sandstein\u00a0! Mein Mann und ich haben uns Karlchen (.. so hat unsere Tochter ihn sogleich getauft) zu unserem 18. Hochzeitstag geg\u00f6nnt. Er ist jetzt der neue H\u00fcter unserer Terrasse. Und wo haben wir ihn gefunden? Unser Wagen, ein &#8222;kleiner&#8220; New Beetle ... Weiterlesen ...\" \/>\n<meta property=\"og:url\" content=\"https:\/\/www.trendkids.de\/blog\/8\/familienzuwachs-im-hause-steffens\/\" \/>\n<meta property=\"og:site_name\" content=\"on the blog\" \/>\n<meta property=\"article:published_time\" content=\"2006-05-15T21:55:18+00:00\" \/>\n<meta property=\"og:image\" content=\"https:\/\/www.trendkids.de\/bildmaterial\/karlchen.jpg\" \/>\n<meta name=\"author\" content=\"Monika\" \/>\n<meta name=\"twitter:label1\" content=\"Verfasst von\" \/>\n\t<meta name=\"twitter:data1\" content=\"Monika\" \/>\n\t<meta name=\"twitter:label2\" content=\"Gesch\u00e4tzte Lesezeit\" \/>\n\t<meta name=\"twitter:data2\" content=\"1\u00a0Minute\" \/>\n<script type=\"application\/ld+json\" class=\"yoast-schema-graph\">{\"@context\":\"https:\/\/schema.org\",\"@graph\":[{\"@type\":\"WebPage\",\"@id\":\"https:\/\/www.trendkids.de\/blog\/8\/familienzuwachs-im-hause-steffens\/\",\"url\":\"https:\/\/www.trendkids.de\/blog\/8\/familienzuwachs-im-hause-steffens\/\",\"name\":\"Familienzuwachs im Hause Steffens ! - on the blog\",\"isPartOf\":{\"@id\":\"https:\/\/www.trendkids.de\/blog\/#website\"},\"datePublished\":\"2006-05-15T21:55:18+00:00\",\"author\":{\"@id\":\"https:\/\/www.trendkids.de\/blog\/#\/schema\/person\/6d1ee9516d52048ed7426ee801b02723\"},\"breadcrumb\":{\"@id\":\"https:\/\/www.trendkids.de\/blog\/8\/familienzuwachs-im-hause-steffens\/#breadcrumb\"},\"inLanguage\":\"de\",\"potentialAction\":[{\"@type\":\"ReadAction\",\"target\":[\"https:\/\/www.trendkids.de\/blog\/8\/familienzuwachs-im-hause-steffens\/\"]}]},{\"@type\":\"BreadcrumbList\",\"@id\":\"https:\/\/www.trendkids.de\/blog\/8\/familienzuwachs-im-hause-steffens\/#breadcrumb\",\"itemListElement\":[{\"@type\":\"ListItem\",\"position\":1,\"name\":\"Startseite\",\"item\":\"https:\/\/www.trendkids.de\/blog\/\"},{\"@type\":\"ListItem\",\"position\":2,\"name\":\"Familienzuwachs im Hause Steffens !\"}]},{\"@type\":\"WebSite\",\"@id\":\"https:\/\/www.trendkids.de\/blog\/#website\",\"url\":\"https:\/\/www.trendkids.de\/blog\/\",\"name\":\"on the blog\",\"description\":\"m\u00fctter, kinder und mode im trend der zeit\",\"potentialAction\":[{\"@type\":\"SearchAction\",\"target\":{\"@type\":\"EntryPoint\",\"urlTemplate\":\"https:\/\/www.trendkids.de\/blog\/?s={search_term_string}\"},\"query-input\":{\"@type\":\"PropertyValueSpecification\",\"valueRequired\":true,\"valueName\":\"search_term_string\"}}],\"inLanguage\":\"de\"},{\"@type\":\"Person\",\"@id\":\"https:\/\/www.trendkids.de\/blog\/#\/schema\/person\/6d1ee9516d52048ed7426ee801b02723\",\"name\":\"Monika\",\"image\":{\"@type\":\"ImageObject\",\"inLanguage\":\"de\",\"@id\":\"https:\/\/www.trendkids.de\/blog\/#\/schema\/person\/image\/\",\"url\":\"https:\/\/secure.gravatar.com\/avatar\/74a4dbf191f922a99a3888eb98fbce00c02d3923345226f6b98a304d7eac3d8d?s=96&d=mm&r=g\",\"contentUrl\":\"https:\/\/secure.gravatar.com\/avatar\/74a4dbf191f922a99a3888eb98fbce00c02d3923345226f6b98a304d7eac3d8d?s=96&d=mm&r=g\",\"caption\":\"Monika\"},\"sameAs\":[\"http:\/\/www.trendkids.de\/\"],\"url\":\"https:\/\/www.trendkids.de\/blog\/author\/moni\/\"}]}<\/script>\n<!-- \/ Yoast SEO plugin. -->","yoast_head_json":{"title":"Familienzuwachs im Hause Steffens ! - on the blog","robots":{"index":"index","follow":"follow","max-snippet":"max-snippet:-1","max-image-preview":"max-image-preview:large","max-video-preview":"max-video-preview:-1"},"canonical":"https:\/\/www.trendkids.de\/blog\/8\/familienzuwachs-im-hause-steffens\/","og_locale":"de_DE","og_type":"article","og_title":"Familienzuwachs im Hause Steffens ! - on the blog","og_description":"Karlchen ist da! 125 cm gro\u00df und 13 kg schwer, sch\u00f6n robust aus\u00a0Kupfer und Sandstein\u00a0! Mein Mann und ich haben uns Karlchen (.. so hat unsere Tochter ihn sogleich getauft) zu unserem 18. Hochzeitstag geg\u00f6nnt. Er ist jetzt der neue H\u00fcter unserer Terrasse. Und wo haben wir ihn gefunden? Unser Wagen, ein &#8222;kleiner&#8220; New Beetle ... Weiterlesen ...","og_url":"https:\/\/www.trendkids.de\/blog\/8\/familienzuwachs-im-hause-steffens\/","og_site_name":"on the blog","article_published_time":"2006-05-15T21:55:18+00:00","og_image":[{"url":"https:\/\/www.trendkids.de\/bildmaterial\/karlchen.jpg","type":"","width":"","height":""}],"author":"Monika","twitter_misc":{"Verfasst von":"Monika","Gesch\u00e4tzte Lesezeit":"1\u00a0Minute"},"schema":{"@context":"https:\/\/schema.org","@graph":[{"@type":"WebPage","@id":"https:\/\/www.trendkids.de\/blog\/8\/familienzuwachs-im-hause-steffens\/","url":"https:\/\/www.trendkids.de\/blog\/8\/familienzuwachs-im-hause-steffens\/","name":"Familienzuwachs im Hause Steffens ! - on the blog","isPartOf":{"@id":"https:\/\/www.trendkids.de\/blog\/#website"},"datePublished":"2006-05-15T21:55:18+00:00","author":{"@id":"https:\/\/www.trendkids.de\/blog\/#\/schema\/person\/6d1ee9516d52048ed7426ee801b02723"},"breadcrumb":{"@id":"https:\/\/www.trendkids.de\/blog\/8\/familienzuwachs-im-hause-steffens\/#breadcrumb"},"inLanguage":"de","potentialAction":[{"@type":"ReadAction","target":["https:\/\/www.trendkids.de\/blog\/8\/familienzuwachs-im-hause-steffens\/"]}]},{"@type":"BreadcrumbList","@id":"https:\/\/www.trendkids.de\/blog\/8\/familienzuwachs-im-hause-steffens\/#breadcrumb","itemListElement":[{"@type":"ListItem","position":1,"name":"Startseite","item":"https:\/\/www.trendkids.de\/blog\/"},{"@type":"ListItem","position":2,"name":"Familienzuwachs im Hause Steffens !"}]},{"@type":"WebSite","@id":"https:\/\/www.trendkids.de\/blog\/#website","url":"https:\/\/www.trendkids.de\/blog\/","name":"on the blog","description":"m\u00fctter, kinder und mode im trend der zeit","potentialAction":[{"@type":"SearchAction","target":{"@type":"EntryPoint","urlTemplate":"https:\/\/www.trendkids.de\/blog\/?s={search_term_string}"},"query-input":{"@type":"PropertyValueSpecification","valueRequired":true,"valueName":"search_term_string"}}],"inLanguage":"de"},{"@type":"Person","@id":"https:\/\/www.trendkids.de\/blog\/#\/schema\/person\/6d1ee9516d52048ed7426ee801b02723","name":"Monika","image":{"@type":"ImageObject","inLanguage":"de","@id":"https:\/\/www.trendkids.de\/blog\/#\/schema\/person\/image\/","url":"https:\/\/secure.gravatar.com\/avatar\/74a4dbf191f922a99a3888eb98fbce00c02d3923345226f6b98a304d7eac3d8d?s=96&d=mm&r=g","contentUrl":"https:\/\/secure.gravatar.com\/avatar\/74a4dbf191f922a99a3888eb98fbce00c02d3923345226f6b98a304d7eac3d8d?s=96&d=mm&r=g","caption":"Monika"},"sameAs":["http:\/\/www.trendkids.de\/"],"url":"https:\/\/www.trendkids.de\/blog\/author\/moni\/"}]}},"_links":{"self":[{"href":"https:\/\/www.trendkids.de\/blog\/wp-json\/wp\/v2\/posts\/8","targetHints":{"allow":["GET"]}}],"collection":[{"href":"https:\/\/www.trendkids.de\/blog\/wp-json\/wp\/v2\/posts"}],"about":[{"href":"https:\/\/www.trendkids.de\/blog\/wp-json\/wp\/v2\/types\/post"}],"author":[{"embeddable":true,"href":"https:\/\/www.trendkids.de\/blog\/wp-json\/wp\/v2\/users\/2"}],"replies":[{"embeddable":true,"href":"https:\/\/www.trendkids.de\/blog\/wp-json\/wp\/v2\/comments?post=8"}],"version-history":[{"count":0,"href":"https:\/\/www.trendkids.de\/blog\/wp-json\/wp\/v2\/posts\/8\/revisions"}],"wp:attachment":[{"href":"https:\/\/www.trendkids.de\/blog\/wp-json\/wp\/v2\/media?parent=8"}],"wp:term":[{"taxonomy":"category","embeddable":true,"href":"https:\/\/www.trendkids.de\/blog\/wp-json\/wp\/v2\/categories?post=8"},{"taxonomy":"post_tag","embeddable":true,"href":"https:\/\/www.trendkids.de\/blog\/wp-json\/wp\/v2\/tags?post=8"}],"curies":[{"name":"wp","href":"https:\/\/api.w.org\/{rel}","templated":true}]}}