{"id":777,"date":"2015-06-19T15:55:13","date_gmt":"2015-06-19T15:55:13","guid":{"rendered":"http:\/\/www.trendkids.de\/blog\/?p=777"},"modified":"2015-06-24T20:38:00","modified_gmt":"2015-06-24T20:38:00","slug":"die-post-streikt-trend-kids-nicht","status":"publish","type":"post","link":"https:\/\/www.trendkids.de\/blog\/777\/die-post-streikt-trend-kids-nicht\/","title":{"rendered":"Die Post streikt &#8211; Trend-Kids nicht!"},"content":{"rendered":"<p>Sehr geehrte Kunden,<\/p>\n<p>bedingt durch den POST-Streik kommt es bundesweit zu Verz\u00f6gerungen bei der Auslieferung von Briefsendungen und Paketen. \u00a0Auch Trend-Kids Kindermode ist als langj\u00e4hriger DHL Kunde hiervon betroffen. Wir haben gro\u00dfes Verst\u00e4ndnis f\u00fcr die Belange der Post-Mitarbeiter, m\u00f6chten aber Ihnen,\u00a0\u00a0unseren Kunden, weiterhin einen schnellen, zuverl\u00e4ssigen Versand anbieten k\u00f6nnen.<\/p>\n<p>Daher \u00a0haben wir uns kurzfristig entschlossen, unsere Pakete befristet \u00fcber den HERMES Versand zu verschicken. Die damit verbundenen\u00a0Zusatzkosten tr\u00e4gt Trend-Kids. Unsere Versandpauschale bleibt weiterhin bei \u00a03,95 Eur, unabh\u00e4ngig vom Bestellwert und der Gr\u00f6\u00dfe des Paketes.<\/p>\n<p>Die Versandlaufzeit innerhalb Deutschlands betr\u00e4gt bei Hermes ca. 1-2 Werktage (Einlieferung z.B. am Montag, Zustellung am Dienstag oder Mittwoch). Ist die Paket-Einlieferung am Freitag oder Samstag, so erfolgt die Zustellung meist am Dienstag. Die Hermes-Zusteller liefern\u00a0montags bis samstags zwischen 8 und 20 Uhr aus.<\/p>\n<p>Nachdem Ihr Paket von uns an Hermes \u00fcbergeben wurde, erhalten Sie von uns eine Tracking-Nummer, mit der Sie den Sendungsstatus online nachverfolgen k\u00f6nnen. Zus\u00e4tzliche Info&#8217;s \u00a0finden Sie auch unter <span style=\"color: #3366ff;\"><a style=\"color: #3366ff;\" href=\"http:\/\/www.myhermes.de\">www.myhermes.de<\/a><\/span> oder im\u00a0<span style=\"color: #3366ff;\"><a style=\"color: #3366ff;\" href=\"https:\/\/blog.myhermes.de\/hermesabc\/laufzeit\/\">Hermes Blog<\/a><\/span><\/p>\n<p>Wir bedanken uns f\u00fcr Ihr Verst\u00e4ndnis<\/p>\n<p>Ihr Trend-Kids Team<\/p>\n","protected":false},"excerpt":{"rendered":"<p>Sehr geehrte Kunden, bedingt durch den POST-Streik kommt es bundesweit zu Verz\u00f6gerungen bei der Auslieferung von Briefsendungen und Paketen. \u00a0Auch Trend-Kids Kindermode ist als langj\u00e4hriger DHL Kunde hiervon betroffen. Wir haben gro\u00dfes Verst\u00e4ndnis f\u00fcr die Belange der Post-Mitarbeiter, m\u00f6chten aber Ihnen,\u00a0\u00a0unseren Kunden, weiterhin einen schnellen, zuverl\u00e4ssigen Versand anbieten k\u00f6nnen. Daher \u00a0haben wir uns kurzfristig entschlossen, &#8230; <a title=\"Die Post streikt &#8211; Trend-Kids nicht!\" class=\"read-more\" href=\"https:\/\/www.trendkids.de\/blog\/777\/die-post-streikt-trend-kids-nicht\/\">Weiterlesen &#8230;<\/a><\/p>\n","protected":false},"author":2,"featured_media":0,"comment_status":"open","ping_status":"open","sticky":false,"template":"","format":"standard","meta":{"generate_page_header":"","footnotes":""},"categories":[1],"tags":[],"class_list":["post-777","post","type-post","status-publish","format-standard","hentry","category-allgemein"],"yoast_head":"<!-- This site is optimized with the Yoast SEO plugin v24.8.1 - https:\/\/yoast.com\/wordpress\/plugins\/seo\/ -->\n<title>Die Post streikt - Trend-Kids nicht! - on the blog<\/title>\n<meta name=\"robots\" content=\"index, follow, max-snippet:-1, max-image-preview:large, max-video-preview:-1\" \/>\n<link rel=\"canonical\" href=\"https:\/\/www.trendkids.de\/blog\/777\/die-post-streikt-trend-kids-nicht\/\" \/>\n<meta property=\"og:locale\" content=\"de_DE\" \/>\n<meta property=\"og:type\" content=\"article\" \/>\n<meta property=\"og:title\" content=\"Die Post streikt - Trend-Kids nicht! - on the blog\" \/>\n<meta property=\"og:description\" content=\"Sehr geehrte Kunden, bedingt durch den POST-Streik kommt es bundesweit zu Verz\u00f6gerungen bei der Auslieferung von Briefsendungen und Paketen. \u00a0Auch Trend-Kids Kindermode ist als langj\u00e4hriger DHL Kunde hiervon betroffen. Wir haben gro\u00dfes Verst\u00e4ndnis f\u00fcr die Belange der Post-Mitarbeiter, m\u00f6chten aber Ihnen,\u00a0\u00a0unseren Kunden, weiterhin einen schnellen, zuverl\u00e4ssigen Versand anbieten k\u00f6nnen. Daher \u00a0haben wir uns kurzfristig entschlossen, ... Weiterlesen ...\" \/>\n<meta property=\"og:url\" content=\"https:\/\/www.trendkids.de\/blog\/777\/die-post-streikt-trend-kids-nicht\/\" \/>\n<meta property=\"og:site_name\" content=\"on the blog\" \/>\n<meta property=\"article:published_time\" content=\"2015-06-19T15:55:13+00:00\" \/>\n<meta property=\"article:modified_time\" content=\"2015-06-24T20:38:00+00:00\" \/>\n<meta name=\"author\" content=\"Monika\" \/>\n<meta name=\"twitter:label1\" content=\"Verfasst von\" \/>\n\t<meta name=\"twitter:data1\" content=\"Monika\" \/>\n\t<meta name=\"twitter:label2\" content=\"Gesch\u00e4tzte Lesezeit\" \/>\n\t<meta name=\"twitter:data2\" content=\"1\u00a0Minute\" \/>\n<script type=\"application\/ld+json\" class=\"yoast-schema-graph\">{\"@context\":\"https:\/\/schema.org\",\"@graph\":[{\"@type\":\"WebPage\",\"@id\":\"https:\/\/www.trendkids.de\/blog\/777\/die-post-streikt-trend-kids-nicht\/\",\"url\":\"https:\/\/www.trendkids.de\/blog\/777\/die-post-streikt-trend-kids-nicht\/\",\"name\":\"Die Post streikt - Trend-Kids nicht! - on the blog\",\"isPartOf\":{\"@id\":\"https:\/\/www.trendkids.de\/blog\/#website\"},\"datePublished\":\"2015-06-19T15:55:13+00:00\",\"dateModified\":\"2015-06-24T20:38:00+00:00\",\"author\":{\"@id\":\"https:\/\/www.trendkids.de\/blog\/#\/schema\/person\/6d1ee9516d52048ed7426ee801b02723\"},\"breadcrumb\":{\"@id\":\"https:\/\/www.trendkids.de\/blog\/777\/die-post-streikt-trend-kids-nicht\/#breadcrumb\"},\"inLanguage\":\"de\",\"potentialAction\":[{\"@type\":\"ReadAction\",\"target\":[\"https:\/\/www.trendkids.de\/blog\/777\/die-post-streikt-trend-kids-nicht\/\"]}]},{\"@type\":\"BreadcrumbList\",\"@id\":\"https:\/\/www.trendkids.de\/blog\/777\/die-post-streikt-trend-kids-nicht\/#breadcrumb\",\"itemListElement\":[{\"@type\":\"ListItem\",\"position\":1,\"name\":\"Startseite\",\"item\":\"https:\/\/www.trendkids.de\/blog\/\"},{\"@type\":\"ListItem\",\"position\":2,\"name\":\"Die Post streikt &#8211; Trend-Kids nicht!\"}]},{\"@type\":\"WebSite\",\"@id\":\"https:\/\/www.trendkids.de\/blog\/#website\",\"url\":\"https:\/\/www.trendkids.de\/blog\/\",\"name\":\"on the blog\",\"description\":\"m\u00fctter, kinder und mode im trend der zeit\",\"potentialAction\":[{\"@type\":\"SearchAction\",\"target\":{\"@type\":\"EntryPoint\",\"urlTemplate\":\"https:\/\/www.trendkids.de\/blog\/?s={search_term_string}\"},\"query-input\":{\"@type\":\"PropertyValueSpecification\",\"valueRequired\":true,\"valueName\":\"search_term_string\"}}],\"inLanguage\":\"de\"},{\"@type\":\"Person\",\"@id\":\"https:\/\/www.trendkids.de\/blog\/#\/schema\/person\/6d1ee9516d52048ed7426ee801b02723\",\"name\":\"Monika\",\"image\":{\"@type\":\"ImageObject\",\"inLanguage\":\"de\",\"@id\":\"https:\/\/www.trendkids.de\/blog\/#\/schema\/person\/image\/\",\"url\":\"https:\/\/secure.gravatar.com\/avatar\/74a4dbf191f922a99a3888eb98fbce00c02d3923345226f6b98a304d7eac3d8d?s=96&d=mm&r=g\",\"contentUrl\":\"https:\/\/secure.gravatar.com\/avatar\/74a4dbf191f922a99a3888eb98fbce00c02d3923345226f6b98a304d7eac3d8d?s=96&d=mm&r=g\",\"caption\":\"Monika\"},\"sameAs\":[\"http:\/\/www.trendkids.de\/\"],\"url\":\"https:\/\/www.trendkids.de\/blog\/author\/moni\/\"}]}<\/script>\n<!-- \/ Yoast SEO plugin. -->","yoast_head_json":{"title":"Die Post streikt - Trend-Kids nicht! - on the blog","robots":{"index":"index","follow":"follow","max-snippet":"max-snippet:-1","max-image-preview":"max-image-preview:large","max-video-preview":"max-video-preview:-1"},"canonical":"https:\/\/www.trendkids.de\/blog\/777\/die-post-streikt-trend-kids-nicht\/","og_locale":"de_DE","og_type":"article","og_title":"Die Post streikt - Trend-Kids nicht! - on the blog","og_description":"Sehr geehrte Kunden, bedingt durch den POST-Streik kommt es bundesweit zu Verz\u00f6gerungen bei der Auslieferung von Briefsendungen und Paketen. \u00a0Auch Trend-Kids Kindermode ist als langj\u00e4hriger DHL Kunde hiervon betroffen. Wir haben gro\u00dfes Verst\u00e4ndnis f\u00fcr die Belange der Post-Mitarbeiter, m\u00f6chten aber Ihnen,\u00a0\u00a0unseren Kunden, weiterhin einen schnellen, zuverl\u00e4ssigen Versand anbieten k\u00f6nnen. Daher \u00a0haben wir uns kurzfristig entschlossen, ... Weiterlesen ...","og_url":"https:\/\/www.trendkids.de\/blog\/777\/die-post-streikt-trend-kids-nicht\/","og_site_name":"on the blog","article_published_time":"2015-06-19T15:55:13+00:00","article_modified_time":"2015-06-24T20:38:00+00:00","author":"Monika","twitter_misc":{"Verfasst von":"Monika","Gesch\u00e4tzte Lesezeit":"1\u00a0Minute"},"schema":{"@context":"https:\/\/schema.org","@graph":[{"@type":"WebPage","@id":"https:\/\/www.trendkids.de\/blog\/777\/die-post-streikt-trend-kids-nicht\/","url":"https:\/\/www.trendkids.de\/blog\/777\/die-post-streikt-trend-kids-nicht\/","name":"Die Post streikt - Trend-Kids nicht! - on the blog","isPartOf":{"@id":"https:\/\/www.trendkids.de\/blog\/#website"},"datePublished":"2015-06-19T15:55:13+00:00","dateModified":"2015-06-24T20:38:00+00:00","author":{"@id":"https:\/\/www.trendkids.de\/blog\/#\/schema\/person\/6d1ee9516d52048ed7426ee801b02723"},"breadcrumb":{"@id":"https:\/\/www.trendkids.de\/blog\/777\/die-post-streikt-trend-kids-nicht\/#breadcrumb"},"inLanguage":"de","potentialAction":[{"@type":"ReadAction","target":["https:\/\/www.trendkids.de\/blog\/777\/die-post-streikt-trend-kids-nicht\/"]}]},{"@type":"BreadcrumbList","@id":"https:\/\/www.trendkids.de\/blog\/777\/die-post-streikt-trend-kids-nicht\/#breadcrumb","itemListElement":[{"@type":"ListItem","position":1,"name":"Startseite","item":"https:\/\/www.trendkids.de\/blog\/"},{"@type":"ListItem","position":2,"name":"Die Post streikt &#8211; Trend-Kids nicht!"}]},{"@type":"WebSite","@id":"https:\/\/www.trendkids.de\/blog\/#website","url":"https:\/\/www.trendkids.de\/blog\/","name":"on the blog","description":"m\u00fctter, kinder und mode im trend der zeit","potentialAction":[{"@type":"SearchAction","target":{"@type":"EntryPoint","urlTemplate":"https:\/\/www.trendkids.de\/blog\/?s={search_term_string}"},"query-input":{"@type":"PropertyValueSpecification","valueRequired":true,"valueName":"search_term_string"}}],"inLanguage":"de"},{"@type":"Person","@id":"https:\/\/www.trendkids.de\/blog\/#\/schema\/person\/6d1ee9516d52048ed7426ee801b02723","name":"Monika","image":{"@type":"ImageObject","inLanguage":"de","@id":"https:\/\/www.trendkids.de\/blog\/#\/schema\/person\/image\/","url":"https:\/\/secure.gravatar.com\/avatar\/74a4dbf191f922a99a3888eb98fbce00c02d3923345226f6b98a304d7eac3d8d?s=96&d=mm&r=g","contentUrl":"https:\/\/secure.gravatar.com\/avatar\/74a4dbf191f922a99a3888eb98fbce00c02d3923345226f6b98a304d7eac3d8d?s=96&d=mm&r=g","caption":"Monika"},"sameAs":["http:\/\/www.trendkids.de\/"],"url":"https:\/\/www.trendkids.de\/blog\/author\/moni\/"}]}},"_links":{"self":[{"href":"https:\/\/www.trendkids.de\/blog\/wp-json\/wp\/v2\/posts\/777","targetHints":{"allow":["GET"]}}],"collection":[{"href":"https:\/\/www.trendkids.de\/blog\/wp-json\/wp\/v2\/posts"}],"about":[{"href":"https:\/\/www.trendkids.de\/blog\/wp-json\/wp\/v2\/types\/post"}],"author":[{"embeddable":true,"href":"https:\/\/www.trendkids.de\/blog\/wp-json\/wp\/v2\/users\/2"}],"replies":[{"embeddable":true,"href":"https:\/\/www.trendkids.de\/blog\/wp-json\/wp\/v2\/comments?post=777"}],"version-history":[{"count":0,"href":"https:\/\/www.trendkids.de\/blog\/wp-json\/wp\/v2\/posts\/777\/revisions"}],"wp:attachment":[{"href":"https:\/\/www.trendkids.de\/blog\/wp-json\/wp\/v2\/media?parent=777"}],"wp:term":[{"taxonomy":"category","embeddable":true,"href":"https:\/\/www.trendkids.de\/blog\/wp-json\/wp\/v2\/categories?post=777"},{"taxonomy":"post_tag","embeddable":true,"href":"https:\/\/www.trendkids.de\/blog\/wp-json\/wp\/v2\/tags?post=777"}],"curies":[{"name":"wp","href":"https:\/\/api.w.org\/{rel}","templated":true}]}}