{"id":69,"date":"2009-11-11T16:47:57","date_gmt":"2009-11-11T15:47:57","guid":{"rendered":"http:\/\/www.trend-kids.de\/blog\/?p=69"},"modified":"2009-11-11T16:47:57","modified_gmt":"2009-11-11T15:47:57","slug":"trend-kids-von-der-idee-zum-online-shop","status":"publish","type":"post","link":"https:\/\/www.trendkids.de\/blog\/69\/trend-kids-von-der-idee-zum-online-shop\/","title":{"rendered":"trend-kids &#8211; von der Idee zum Online-Shop"},"content":{"rendered":"<p><strong>Die Kurzfassung zur Entstehung<\/strong> <\/p>\n<li>zwei Frauen, zwei Ehem\u00e4nner, vier Kinder, eine Idee und ein Name <\/li>\n<li>lange Diskussionen mit literweise Espresso, Cappuccino und gutem Rotwein (je nach Tages-\/Nachtzeit oder Gem\u00fctszustand)<\/li>\n<li>zahlreiche Stunden im Internet, Kontakte per e-mail und Telefon gekn\u00fcpft, dabei Lieferanten und Freunde gefunden<\/li>\n<li>viele Pakete und P\u00e4ckchen mit Kinderkleidung &#8211; katalogisieren, etikettieren und fotografieren<\/li>\n<li>Lager aufbauen, Auftragswesen , Buchhaltung, Konten hier und Konten da<\/li>\n<li>Internetseiten basteln, Texte verfassen, Bilder und Internetseiten in den Shop hoch laden<br \/>\n\u00e4ndern, verbessern, Fehler beheben, zahlreiche Nachtschichten<\/li>\n<li>geschafft ! &#8230;&#8230;&#8230; endlich online ! <\/li>\n<p>  <strong>&#8230;. und nun die ganze Geschichte<\/strong><br \/>\nWer oder was verbirgt sich hinter Trend-Kids? Wir &#8211; Karin Dammann und Monika Steffens &#8211; zwei Freundinnen, die sich schon ewig kennen, beide verheiratet und beide mit jeweils zwei Kindern gesegnet, hatten eine Idee. <\/p>\n<p>Es musste doch irgendwie m\u00f6glich sein, hochwertige und gute Kinderkleidung neu und preisg\u00fcnstig einzukaufen! Unsere Kinder, je 2 Jungen und 2 M\u00e4dchen, damals noch im Alter von 8-13 Jahren, waren letztendlich auch der Grund, dass aus der Idee zu trend-kids schlie\u00dflich ein richtiger Online-Shop wurde. Wie die eigene Erfahrung zeigt, geht bei Kindern schnell das eine oder andere Kleidungsst\u00fcck kaputt oder sie sind schlicht und einfach herausgewachsen. Also muss schnell Ersatz her. Sollte es dann noch etwas Besonderes oder Ausgefallenes sein, war eine Fahrt in die n\u00e4chst gr\u00f6\u00dfere Stadt notwendig. Kostete immer viel Zeit, viel Geld sowieso und &#8222;Nerven&#8220;, da die &#8222;lieben Kleinen&#8220; einen notgedrungen zur Anprobe begleiteten und sowohl die Geschm\u00e4cker als auch die Preisvorstellungen voneinander erheblich abwichen. Immer auf der Suche nach ausgefallener, praktischer Kindermode, die zudem auch noch bezahlbar sein sollte, wurden wir immer h\u00e4ufiger im Internet f\u00fcndig. Nach einigen Misserfolgen mit in Internet-Auktionsh\u00e4usern gekaufter Second-Hand Kleidung (&#8230; was viele Verk\u00e4ufer noch als supertoll und neuwertig anpriesen, empfanden wir oft nur noch als &#8222;Fall f\u00fcr die M\u00fclltonne&#8220;), suchten wir nur noch nach Einkaufsquellen f\u00fcr Neuware. <\/p>\n<p>Nach langen Recherchen im Internet, stellten wir fest, dass es durchaus M\u00f6glichkeiten gibt, preiswerte Neuware aus z. B. Gesch\u00e4fts\u00fcberh\u00e4ngen, Insolvenzen oder Neuwaren aus \u00e4lteren bzw. ausgelaufenen Kollektionen zu akzeptablen Preisen zu finden. Da uns diese Arbeit sehr viel Freude machte, haben wir dann letztendlich nicht nur f\u00fcr uns, sondern auf Wunsch auch f\u00fcr Freunde und Bekannte eingekauft. Die positive Resonanz aus unserem Bekannten- und Freundeskreis best\u00e4rkte uns, die Idee zu einem Internetshop in die Realit\u00e4t umzusetzen. So w\u00fcnschen wir uns nun, dass auch wir Sie von unserem Angebot \u00fcberzeugen k\u00f6nnen. <\/p>\n<p>Setzen Sie sich doch gleich zusammen mit Ihrem Kind und einer sch\u00f6nen Tasse Kaffee oder Cappuccino (so wie wir das auch gerne machen) vor den Computer und w\u00e4hlen in Ruhe und ohne Stress und Parkplatzsuche aus unserem vielseitigen Sortiment! <\/p>\n<p>Wenn Sie Vorschl\u00e4ge, Fragen oder W\u00fcnsche haben, mailen Sie uns einfach an. Ben\u00f6tigen sie die genauen Ma\u00dfe zu einem oder mehreren Artikeln, wie z.B. die Bundweite, Schrittl\u00e4nge, Gesamtl\u00e4nge usw. &#8211; mailen Sie uns an &#8211; wir teilen Ihnen umgehend die gew\u00fcnschten Ma\u00dfe mit.<\/p>\n<p>Viel Spa\u00df beim St\u00f6bern w\u00fcnscht Ihnen<br \/>\nIhr trend-kids-Team<br \/>\nMonika und Karin <\/p>\n<p>Wir erweitern st\u00e4ndig unser Angebot und suchen auch nach Anbietern, die uns hochwertige Kinderkleidung namhafter Hersteller aus Gesch\u00e4ftsaufgaben, Gesch\u00e4ftsaufl\u00f6sungen oder Insolvenzen anbieten k\u00f6nnen. Nehmen Sie mit uns Kontakt auf. <\/p>\n","protected":false},"excerpt":{"rendered":"<p>Die Kurzfassung zur Entstehung zwei Frauen, zwei Ehem\u00e4nner, vier Kinder, eine Idee und ein Name lange Diskussionen mit literweise Espresso, Cappuccino und gutem Rotwein (je nach Tages-\/Nachtzeit oder Gem\u00fctszustand) zahlreiche Stunden im Internet, Kontakte per e-mail und Telefon gekn\u00fcpft, dabei Lieferanten und Freunde gefunden viele Pakete und P\u00e4ckchen mit Kinderkleidung &#8211; katalogisieren, etikettieren und fotografieren &#8230; <a title=\"trend-kids &#8211; von der Idee zum Online-Shop\" class=\"read-more\" href=\"https:\/\/www.trendkids.de\/blog\/69\/trend-kids-von-der-idee-zum-online-shop\/\">Weiterlesen &#8230;<\/a><\/p>\n","protected":false},"author":2,"featured_media":0,"comment_status":"open","ping_status":"open","sticky":false,"template":"","format":"standard","meta":{"generate_page_header":"","footnotes":""},"categories":[1,2,13],"tags":[],"class_list":["post-69","post","type-post","status-publish","format-standard","hentry","category-allgemein","category-shop","category-trend-kids-news"],"yoast_head":"<!-- This site is optimized with the Yoast SEO plugin v24.8.1 - https:\/\/yoast.com\/wordpress\/plugins\/seo\/ -->\n<title>trend-kids - von der Idee zum Online-Shop  - on the blog<\/title>\n<meta name=\"robots\" content=\"index, follow, max-snippet:-1, max-image-preview:large, max-video-preview:-1\" \/>\n<link rel=\"canonical\" href=\"https:\/\/www.trendkids.de\/blog\/69\/trend-kids-von-der-idee-zum-online-shop\/\" \/>\n<meta property=\"og:locale\" content=\"de_DE\" \/>\n<meta property=\"og:type\" content=\"article\" \/>\n<meta property=\"og:title\" content=\"trend-kids - von der Idee zum Online-Shop  - on the blog\" \/>\n<meta property=\"og:description\" content=\"Die Kurzfassung zur Entstehung zwei Frauen, zwei Ehem\u00e4nner, vier Kinder, eine Idee und ein Name lange Diskussionen mit literweise Espresso, Cappuccino und gutem Rotwein (je nach Tages-\/Nachtzeit oder Gem\u00fctszustand) zahlreiche Stunden im Internet, Kontakte per e-mail und Telefon gekn\u00fcpft, dabei Lieferanten und Freunde gefunden viele Pakete und P\u00e4ckchen mit Kinderkleidung &#8211; katalogisieren, etikettieren und fotografieren ... Weiterlesen ...\" \/>\n<meta property=\"og:url\" content=\"https:\/\/www.trendkids.de\/blog\/69\/trend-kids-von-der-idee-zum-online-shop\/\" \/>\n<meta property=\"og:site_name\" content=\"on the blog\" \/>\n<meta property=\"article:published_time\" content=\"2009-11-11T15:47:57+00:00\" \/>\n<meta name=\"author\" content=\"Monika\" \/>\n<meta name=\"twitter:label1\" content=\"Verfasst von\" \/>\n\t<meta name=\"twitter:data1\" content=\"Monika\" \/>\n\t<meta name=\"twitter:label2\" content=\"Gesch\u00e4tzte Lesezeit\" \/>\n\t<meta name=\"twitter:data2\" content=\"3\u00a0Minuten\" \/>\n<script type=\"application\/ld+json\" class=\"yoast-schema-graph\">{\"@context\":\"https:\/\/schema.org\",\"@graph\":[{\"@type\":\"WebPage\",\"@id\":\"https:\/\/www.trendkids.de\/blog\/69\/trend-kids-von-der-idee-zum-online-shop\/\",\"url\":\"https:\/\/www.trendkids.de\/blog\/69\/trend-kids-von-der-idee-zum-online-shop\/\",\"name\":\"trend-kids - von der Idee zum Online-Shop - on the blog\",\"isPartOf\":{\"@id\":\"https:\/\/www.trendkids.de\/blog\/#website\"},\"datePublished\":\"2009-11-11T15:47:57+00:00\",\"author\":{\"@id\":\"https:\/\/www.trendkids.de\/blog\/#\/schema\/person\/6d1ee9516d52048ed7426ee801b02723\"},\"breadcrumb\":{\"@id\":\"https:\/\/www.trendkids.de\/blog\/69\/trend-kids-von-der-idee-zum-online-shop\/#breadcrumb\"},\"inLanguage\":\"de\",\"potentialAction\":[{\"@type\":\"ReadAction\",\"target\":[\"https:\/\/www.trendkids.de\/blog\/69\/trend-kids-von-der-idee-zum-online-shop\/\"]}]},{\"@type\":\"BreadcrumbList\",\"@id\":\"https:\/\/www.trendkids.de\/blog\/69\/trend-kids-von-der-idee-zum-online-shop\/#breadcrumb\",\"itemListElement\":[{\"@type\":\"ListItem\",\"position\":1,\"name\":\"Startseite\",\"item\":\"https:\/\/www.trendkids.de\/blog\/\"},{\"@type\":\"ListItem\",\"position\":2,\"name\":\"trend-kids &#8211; von der Idee zum Online-Shop\"}]},{\"@type\":\"WebSite\",\"@id\":\"https:\/\/www.trendkids.de\/blog\/#website\",\"url\":\"https:\/\/www.trendkids.de\/blog\/\",\"name\":\"on the blog\",\"description\":\"m\u00fctter, kinder und mode im trend der zeit\",\"potentialAction\":[{\"@type\":\"SearchAction\",\"target\":{\"@type\":\"EntryPoint\",\"urlTemplate\":\"https:\/\/www.trendkids.de\/blog\/?s={search_term_string}\"},\"query-input\":{\"@type\":\"PropertyValueSpecification\",\"valueRequired\":true,\"valueName\":\"search_term_string\"}}],\"inLanguage\":\"de\"},{\"@type\":\"Person\",\"@id\":\"https:\/\/www.trendkids.de\/blog\/#\/schema\/person\/6d1ee9516d52048ed7426ee801b02723\",\"name\":\"Monika\",\"image\":{\"@type\":\"ImageObject\",\"inLanguage\":\"de\",\"@id\":\"https:\/\/www.trendkids.de\/blog\/#\/schema\/person\/image\/\",\"url\":\"https:\/\/secure.gravatar.com\/avatar\/74a4dbf191f922a99a3888eb98fbce00c02d3923345226f6b98a304d7eac3d8d?s=96&d=mm&r=g\",\"contentUrl\":\"https:\/\/secure.gravatar.com\/avatar\/74a4dbf191f922a99a3888eb98fbce00c02d3923345226f6b98a304d7eac3d8d?s=96&d=mm&r=g\",\"caption\":\"Monika\"},\"sameAs\":[\"http:\/\/www.trendkids.de\/\"],\"url\":\"https:\/\/www.trendkids.de\/blog\/author\/moni\/\"}]}<\/script>\n<!-- \/ Yoast SEO plugin. -->","yoast_head_json":{"title":"trend-kids - von der Idee zum Online-Shop  - on the blog","robots":{"index":"index","follow":"follow","max-snippet":"max-snippet:-1","max-image-preview":"max-image-preview:large","max-video-preview":"max-video-preview:-1"},"canonical":"https:\/\/www.trendkids.de\/blog\/69\/trend-kids-von-der-idee-zum-online-shop\/","og_locale":"de_DE","og_type":"article","og_title":"trend-kids - von der Idee zum Online-Shop  - on the blog","og_description":"Die Kurzfassung zur Entstehung zwei Frauen, zwei Ehem\u00e4nner, vier Kinder, eine Idee und ein Name lange Diskussionen mit literweise Espresso, Cappuccino und gutem Rotwein (je nach Tages-\/Nachtzeit oder Gem\u00fctszustand) zahlreiche Stunden im Internet, Kontakte per e-mail und Telefon gekn\u00fcpft, dabei Lieferanten und Freunde gefunden viele Pakete und P\u00e4ckchen mit Kinderkleidung &#8211; katalogisieren, etikettieren und fotografieren ... Weiterlesen ...","og_url":"https:\/\/www.trendkids.de\/blog\/69\/trend-kids-von-der-idee-zum-online-shop\/","og_site_name":"on the blog","article_published_time":"2009-11-11T15:47:57+00:00","author":"Monika","twitter_misc":{"Verfasst von":"Monika","Gesch\u00e4tzte Lesezeit":"3\u00a0Minuten"},"schema":{"@context":"https:\/\/schema.org","@graph":[{"@type":"WebPage","@id":"https:\/\/www.trendkids.de\/blog\/69\/trend-kids-von-der-idee-zum-online-shop\/","url":"https:\/\/www.trendkids.de\/blog\/69\/trend-kids-von-der-idee-zum-online-shop\/","name":"trend-kids - von der Idee zum Online-Shop - on the blog","isPartOf":{"@id":"https:\/\/www.trendkids.de\/blog\/#website"},"datePublished":"2009-11-11T15:47:57+00:00","author":{"@id":"https:\/\/www.trendkids.de\/blog\/#\/schema\/person\/6d1ee9516d52048ed7426ee801b02723"},"breadcrumb":{"@id":"https:\/\/www.trendkids.de\/blog\/69\/trend-kids-von-der-idee-zum-online-shop\/#breadcrumb"},"inLanguage":"de","potentialAction":[{"@type":"ReadAction","target":["https:\/\/www.trendkids.de\/blog\/69\/trend-kids-von-der-idee-zum-online-shop\/"]}]},{"@type":"BreadcrumbList","@id":"https:\/\/www.trendkids.de\/blog\/69\/trend-kids-von-der-idee-zum-online-shop\/#breadcrumb","itemListElement":[{"@type":"ListItem","position":1,"name":"Startseite","item":"https:\/\/www.trendkids.de\/blog\/"},{"@type":"ListItem","position":2,"name":"trend-kids &#8211; von der Idee zum Online-Shop"}]},{"@type":"WebSite","@id":"https:\/\/www.trendkids.de\/blog\/#website","url":"https:\/\/www.trendkids.de\/blog\/","name":"on the blog","description":"m\u00fctter, kinder und mode im trend der zeit","potentialAction":[{"@type":"SearchAction","target":{"@type":"EntryPoint","urlTemplate":"https:\/\/www.trendkids.de\/blog\/?s={search_term_string}"},"query-input":{"@type":"PropertyValueSpecification","valueRequired":true,"valueName":"search_term_string"}}],"inLanguage":"de"},{"@type":"Person","@id":"https:\/\/www.trendkids.de\/blog\/#\/schema\/person\/6d1ee9516d52048ed7426ee801b02723","name":"Monika","image":{"@type":"ImageObject","inLanguage":"de","@id":"https:\/\/www.trendkids.de\/blog\/#\/schema\/person\/image\/","url":"https:\/\/secure.gravatar.com\/avatar\/74a4dbf191f922a99a3888eb98fbce00c02d3923345226f6b98a304d7eac3d8d?s=96&d=mm&r=g","contentUrl":"https:\/\/secure.gravatar.com\/avatar\/74a4dbf191f922a99a3888eb98fbce00c02d3923345226f6b98a304d7eac3d8d?s=96&d=mm&r=g","caption":"Monika"},"sameAs":["http:\/\/www.trendkids.de\/"],"url":"https:\/\/www.trendkids.de\/blog\/author\/moni\/"}]}},"_links":{"self":[{"href":"https:\/\/www.trendkids.de\/blog\/wp-json\/wp\/v2\/posts\/69","targetHints":{"allow":["GET"]}}],"collection":[{"href":"https:\/\/www.trendkids.de\/blog\/wp-json\/wp\/v2\/posts"}],"about":[{"href":"https:\/\/www.trendkids.de\/blog\/wp-json\/wp\/v2\/types\/post"}],"author":[{"embeddable":true,"href":"https:\/\/www.trendkids.de\/blog\/wp-json\/wp\/v2\/users\/2"}],"replies":[{"embeddable":true,"href":"https:\/\/www.trendkids.de\/blog\/wp-json\/wp\/v2\/comments?post=69"}],"version-history":[{"count":0,"href":"https:\/\/www.trendkids.de\/blog\/wp-json\/wp\/v2\/posts\/69\/revisions"}],"wp:attachment":[{"href":"https:\/\/www.trendkids.de\/blog\/wp-json\/wp\/v2\/media?parent=69"}],"wp:term":[{"taxonomy":"category","embeddable":true,"href":"https:\/\/www.trendkids.de\/blog\/wp-json\/wp\/v2\/categories?post=69"},{"taxonomy":"post_tag","embeddable":true,"href":"https:\/\/www.trendkids.de\/blog\/wp-json\/wp\/v2\/tags?post=69"}],"curies":[{"name":"wp","href":"https:\/\/api.w.org\/{rel}","templated":true}]}}