{"id":670,"date":"2014-02-27T18:03:48","date_gmt":"2014-02-27T18:03:48","guid":{"rendered":"http:\/\/www.trendkids.de\/blog\/?p=670"},"modified":"2014-02-27T20:45:22","modified_gmt":"2014-02-27T20:45:22","slug":"trend-kids-kindermode-feiert-geburtstag","status":"publish","type":"post","link":"https:\/\/www.trendkids.de\/blog\/670\/trend-kids-kindermode-feiert-geburtstag\/","title":{"rendered":"Trend-Kids Kindermode feiert Geburtstag"},"content":{"rendered":"<h1><\/h1>\n<h1><a href=\"http:\/\/www.trendkids.de\/blog\/wp-content\/uploads\/trend-kids-party.jpg\"><img decoding=\"async\" class=\"alignnone size-full wp-image-677\" alt=\"10-jahre-trend-kids\" src=\"http:\/\/www.trendkids.de\/blog\/wp-content\/uploads\/trend-kids-party.jpg\" width=\"600\" height=\"255\" srcset=\"https:\/\/www.trendkids.de\/blog\/wp-content\/uploads\/trend-kids-party.jpg 600w, https:\/\/www.trendkids.de\/blog\/wp-content\/uploads\/trend-kids-party-300x127.jpg 300w, https:\/\/www.trendkids.de\/blog\/wp-content\/uploads\/trend-kids-party-590x250.jpg 590w\" sizes=\"(max-width: 600px) 100vw, 600px\" \/><\/a><\/h1>\n<h1><strong>Trend-<span style=\"color: #ff0000;\">K<\/span><span style=\"color: #0000ff;\">i<\/span><span style=\"color: #f9ef05;\">d<\/span><span style=\"color: #00b700;\">s<\/span> hat Geburtstag!<\/strong><\/h1>\n<h3 style=\"text-align: left;\">Kaum zu glauben, aber wahr \u2013 Trend-Kids gibt es jetzt schon 10 Jahre!<\/h3>\n<p style=\"text-align: left;\" align=\"center\">Da dieses Ereignis ohne Sie, unsere Kunden nicht m\u00f6glich gewesen w\u00e4re, wollen wir nat\u00fcrlich auch zusammen mit Ihnen feiern.<\/p>\n<p style=\"text-align: left;\" align=\"center\">An dieser Stelle m\u00f6chten wir uns ganz herzlich f\u00fcr das entgegengebrachte Vertrauen und Ihre langj\u00e4hrige Treue bedanken.<\/p>\n<p style=\"text-align: left;\" align=\"center\">Daher sind im ganzen Monat M\u00e4rz 2014 \u2013 unseren Geburtstagsmonat! \u2013 sowohl Bestellungen in unseren online-Shops auf\u00a0<a title=\"Trend-Kids Kindermode Onlineshop\" href=\"http:\/\/www.trendkids.de\" target=\"_blank\">Trend-Kids Kindermode<\/a> \u00a0 und <span style=\"text-decoration: underline;\"><a title=\"Trend-Kids Shop auf Rakuten\" href=\"http:\/\/trend-kids.rakuten-shop.de\" target=\"_blank\">Trend-Kids Rakuten<\/a>\u00a0<\/span>als auch Retouren aus diesen Shops innerhalb Deutschlands <span style=\"color: #ff0000;\"><strong>versandkostenfrei<\/strong>\u00a0<\/span><\/p>\n<p style=\"text-align: left;\" align=\"center\">St\u00f6bern lohnt sich:<\/p>\n<p style=\"text-align: left;\" align=\"center\">Ebenfalls im gesamten Monat M\u00e4rz gibt es <span style=\"color: #ff0000;\"><strong><a href=\"http:\/\/www.trendkids.de\/jubilaums-angebote\/10-jahre-trend-kids.html\" target=\"_blank\"><span style=\"color: #ff0000;\">ausgew\u00e4hlte Aktionsware<\/span><\/a> <\/strong><\/span>der Firmen ELKA Rainwear, Schiesser, Ewers,\u00a0Maximo, und &#8230; \u00a0zu knallhart kalkulierten Geburtstagspreisen!<\/p>\n<p style=\"text-align: left;\" align=\"center\">Und vielleicht ist Ihnen ja auch das Gl\u00fcck hold:<\/p>\n<p style=\"text-align: left;\" align=\"center\">In unserem ebenfalls im Monat M\u00e4rz geschalteten <span style=\"color: #ff0000;\"><a href=\"http:\/\/www.trendkids.de\/blog\/645\/jubilaeumsgewinnspiel-10-jahre-trend-kids-kindermode\" target=\"_blank\"><span style=\"color: #ff0000;\"><strong>Gewinnspiel<\/strong><\/span><\/a><\/span> warten attraktive Preise auf Sie !<\/p>\n<p style=\"text-align: left;\" align=\"center\">Sto\u00dfen Sie mit uns auf unseren Geburtstag an und freuen Sie sich mit uns \u00fcber viele neue Artikel und Schn\u00e4ppchen in unseren Online-Shops!<\/p>\n<p style=\"text-align: left;\" align=\"center\">Ihr Trend-Kids Team<\/p>\n<p style=\"text-align: left;\" align=\"center\">Karin &amp; Monika<\/p>\n","protected":false},"excerpt":{"rendered":"<p>Trend-Kids hat Geburtstag! Kaum zu glauben, aber wahr \u2013 Trend-Kids gibt es jetzt schon 10 Jahre! Da dieses Ereignis ohne Sie, unsere Kunden nicht m\u00f6glich gewesen w\u00e4re, wollen wir nat\u00fcrlich auch zusammen mit Ihnen feiern. An dieser Stelle m\u00f6chten wir uns ganz herzlich f\u00fcr das entgegengebrachte Vertrauen und Ihre langj\u00e4hrige Treue bedanken. Daher sind im &#8230; <a title=\"Trend-Kids Kindermode feiert Geburtstag\" class=\"read-more\" href=\"https:\/\/www.trendkids.de\/blog\/670\/trend-kids-kindermode-feiert-geburtstag\/\">Weiterlesen &#8230;<\/a><\/p>\n","protected":false},"author":2,"featured_media":0,"comment_status":"open","ping_status":"open","sticky":false,"template":"","format":"standard","meta":{"generate_page_header":"","footnotes":""},"categories":[1],"tags":[],"class_list":["post-670","post","type-post","status-publish","format-standard","hentry","category-allgemein"],"yoast_head":"<!-- This site is optimized with the Yoast SEO plugin v24.8.1 - https:\/\/yoast.com\/wordpress\/plugins\/seo\/ -->\n<title>Trend-Kids Kindermode feiert Geburtstag  - on the blog<\/title>\n<meta name=\"robots\" content=\"index, follow, max-snippet:-1, max-image-preview:large, max-video-preview:-1\" \/>\n<link rel=\"canonical\" href=\"https:\/\/www.trendkids.de\/blog\/670\/trend-kids-kindermode-feiert-geburtstag\/\" \/>\n<meta property=\"og:locale\" content=\"de_DE\" \/>\n<meta property=\"og:type\" content=\"article\" \/>\n<meta property=\"og:title\" content=\"Trend-Kids Kindermode feiert Geburtstag  - on the blog\" \/>\n<meta property=\"og:description\" content=\"Trend-Kids hat Geburtstag! Kaum zu glauben, aber wahr \u2013 Trend-Kids gibt es jetzt schon 10 Jahre! Da dieses Ereignis ohne Sie, unsere Kunden nicht m\u00f6glich gewesen w\u00e4re, wollen wir nat\u00fcrlich auch zusammen mit Ihnen feiern. An dieser Stelle m\u00f6chten wir uns ganz herzlich f\u00fcr das entgegengebrachte Vertrauen und Ihre langj\u00e4hrige Treue bedanken. Daher sind im ... Weiterlesen ...\" \/>\n<meta property=\"og:url\" content=\"https:\/\/www.trendkids.de\/blog\/670\/trend-kids-kindermode-feiert-geburtstag\/\" \/>\n<meta property=\"og:site_name\" content=\"on the blog\" \/>\n<meta property=\"article:published_time\" content=\"2014-02-27T18:03:48+00:00\" \/>\n<meta property=\"article:modified_time\" content=\"2014-02-27T20:45:22+00:00\" \/>\n<meta property=\"og:image\" content=\"http:\/\/www.trendkids.de\/blog\/wp-content\/uploads\/trend-kids-party.jpg\" \/>\n<meta name=\"author\" content=\"Monika\" \/>\n<meta name=\"twitter:label1\" content=\"Verfasst von\" \/>\n\t<meta name=\"twitter:data1\" content=\"Monika\" \/>\n\t<meta name=\"twitter:label2\" content=\"Gesch\u00e4tzte Lesezeit\" \/>\n\t<meta name=\"twitter:data2\" content=\"1\u00a0Minute\" \/>\n<script type=\"application\/ld+json\" class=\"yoast-schema-graph\">{\"@context\":\"https:\/\/schema.org\",\"@graph\":[{\"@type\":\"WebPage\",\"@id\":\"https:\/\/www.trendkids.de\/blog\/670\/trend-kids-kindermode-feiert-geburtstag\/\",\"url\":\"https:\/\/www.trendkids.de\/blog\/670\/trend-kids-kindermode-feiert-geburtstag\/\",\"name\":\"Trend-Kids Kindermode feiert Geburtstag - on the blog\",\"isPartOf\":{\"@id\":\"https:\/\/www.trendkids.de\/blog\/#website\"},\"primaryImageOfPage\":{\"@id\":\"https:\/\/www.trendkids.de\/blog\/670\/trend-kids-kindermode-feiert-geburtstag\/#primaryimage\"},\"image\":{\"@id\":\"https:\/\/www.trendkids.de\/blog\/670\/trend-kids-kindermode-feiert-geburtstag\/#primaryimage\"},\"thumbnailUrl\":\"http:\/\/www.trendkids.de\/blog\/wp-content\/uploads\/trend-kids-party.jpg\",\"datePublished\":\"2014-02-27T18:03:48+00:00\",\"dateModified\":\"2014-02-27T20:45:22+00:00\",\"author\":{\"@id\":\"https:\/\/www.trendkids.de\/blog\/#\/schema\/person\/6d1ee9516d52048ed7426ee801b02723\"},\"breadcrumb\":{\"@id\":\"https:\/\/www.trendkids.de\/blog\/670\/trend-kids-kindermode-feiert-geburtstag\/#breadcrumb\"},\"inLanguage\":\"de\",\"potentialAction\":[{\"@type\":\"ReadAction\",\"target\":[\"https:\/\/www.trendkids.de\/blog\/670\/trend-kids-kindermode-feiert-geburtstag\/\"]}]},{\"@type\":\"ImageObject\",\"inLanguage\":\"de\",\"@id\":\"https:\/\/www.trendkids.de\/blog\/670\/trend-kids-kindermode-feiert-geburtstag\/#primaryimage\",\"url\":\"http:\/\/www.trendkids.de\/blog\/wp-content\/uploads\/trend-kids-party.jpg\",\"contentUrl\":\"http:\/\/www.trendkids.de\/blog\/wp-content\/uploads\/trend-kids-party.jpg\"},{\"@type\":\"BreadcrumbList\",\"@id\":\"https:\/\/www.trendkids.de\/blog\/670\/trend-kids-kindermode-feiert-geburtstag\/#breadcrumb\",\"itemListElement\":[{\"@type\":\"ListItem\",\"position\":1,\"name\":\"Startseite\",\"item\":\"https:\/\/www.trendkids.de\/blog\/\"},{\"@type\":\"ListItem\",\"position\":2,\"name\":\"Trend-Kids Kindermode feiert Geburtstag\"}]},{\"@type\":\"WebSite\",\"@id\":\"https:\/\/www.trendkids.de\/blog\/#website\",\"url\":\"https:\/\/www.trendkids.de\/blog\/\",\"name\":\"on the blog\",\"description\":\"m\u00fctter, kinder und mode im trend der zeit\",\"potentialAction\":[{\"@type\":\"SearchAction\",\"target\":{\"@type\":\"EntryPoint\",\"urlTemplate\":\"https:\/\/www.trendkids.de\/blog\/?s={search_term_string}\"},\"query-input\":{\"@type\":\"PropertyValueSpecification\",\"valueRequired\":true,\"valueName\":\"search_term_string\"}}],\"inLanguage\":\"de\"},{\"@type\":\"Person\",\"@id\":\"https:\/\/www.trendkids.de\/blog\/#\/schema\/person\/6d1ee9516d52048ed7426ee801b02723\",\"name\":\"Monika\",\"image\":{\"@type\":\"ImageObject\",\"inLanguage\":\"de\",\"@id\":\"https:\/\/www.trendkids.de\/blog\/#\/schema\/person\/image\/\",\"url\":\"https:\/\/secure.gravatar.com\/avatar\/74a4dbf191f922a99a3888eb98fbce00c02d3923345226f6b98a304d7eac3d8d?s=96&d=mm&r=g\",\"contentUrl\":\"https:\/\/secure.gravatar.com\/avatar\/74a4dbf191f922a99a3888eb98fbce00c02d3923345226f6b98a304d7eac3d8d?s=96&d=mm&r=g\",\"caption\":\"Monika\"},\"sameAs\":[\"http:\/\/www.trendkids.de\/\"],\"url\":\"https:\/\/www.trendkids.de\/blog\/author\/moni\/\"}]}<\/script>\n<!-- \/ Yoast SEO plugin. -->","yoast_head_json":{"title":"Trend-Kids Kindermode feiert Geburtstag  - on the blog","robots":{"index":"index","follow":"follow","max-snippet":"max-snippet:-1","max-image-preview":"max-image-preview:large","max-video-preview":"max-video-preview:-1"},"canonical":"https:\/\/www.trendkids.de\/blog\/670\/trend-kids-kindermode-feiert-geburtstag\/","og_locale":"de_DE","og_type":"article","og_title":"Trend-Kids Kindermode feiert Geburtstag  - on the blog","og_description":"Trend-Kids hat Geburtstag! Kaum zu glauben, aber wahr \u2013 Trend-Kids gibt es jetzt schon 10 Jahre! Da dieses Ereignis ohne Sie, unsere Kunden nicht m\u00f6glich gewesen w\u00e4re, wollen wir nat\u00fcrlich auch zusammen mit Ihnen feiern. An dieser Stelle m\u00f6chten wir uns ganz herzlich f\u00fcr das entgegengebrachte Vertrauen und Ihre langj\u00e4hrige Treue bedanken. Daher sind im ... Weiterlesen ...","og_url":"https:\/\/www.trendkids.de\/blog\/670\/trend-kids-kindermode-feiert-geburtstag\/","og_site_name":"on the blog","article_published_time":"2014-02-27T18:03:48+00:00","article_modified_time":"2014-02-27T20:45:22+00:00","og_image":[{"url":"http:\/\/www.trendkids.de\/blog\/wp-content\/uploads\/trend-kids-party.jpg","type":"","width":"","height":""}],"author":"Monika","twitter_misc":{"Verfasst von":"Monika","Gesch\u00e4tzte Lesezeit":"1\u00a0Minute"},"schema":{"@context":"https:\/\/schema.org","@graph":[{"@type":"WebPage","@id":"https:\/\/www.trendkids.de\/blog\/670\/trend-kids-kindermode-feiert-geburtstag\/","url":"https:\/\/www.trendkids.de\/blog\/670\/trend-kids-kindermode-feiert-geburtstag\/","name":"Trend-Kids Kindermode feiert Geburtstag - on the blog","isPartOf":{"@id":"https:\/\/www.trendkids.de\/blog\/#website"},"primaryImageOfPage":{"@id":"https:\/\/www.trendkids.de\/blog\/670\/trend-kids-kindermode-feiert-geburtstag\/#primaryimage"},"image":{"@id":"https:\/\/www.trendkids.de\/blog\/670\/trend-kids-kindermode-feiert-geburtstag\/#primaryimage"},"thumbnailUrl":"http:\/\/www.trendkids.de\/blog\/wp-content\/uploads\/trend-kids-party.jpg","datePublished":"2014-02-27T18:03:48+00:00","dateModified":"2014-02-27T20:45:22+00:00","author":{"@id":"https:\/\/www.trendkids.de\/blog\/#\/schema\/person\/6d1ee9516d52048ed7426ee801b02723"},"breadcrumb":{"@id":"https:\/\/www.trendkids.de\/blog\/670\/trend-kids-kindermode-feiert-geburtstag\/#breadcrumb"},"inLanguage":"de","potentialAction":[{"@type":"ReadAction","target":["https:\/\/www.trendkids.de\/blog\/670\/trend-kids-kindermode-feiert-geburtstag\/"]}]},{"@type":"ImageObject","inLanguage":"de","@id":"https:\/\/www.trendkids.de\/blog\/670\/trend-kids-kindermode-feiert-geburtstag\/#primaryimage","url":"http:\/\/www.trendkids.de\/blog\/wp-content\/uploads\/trend-kids-party.jpg","contentUrl":"http:\/\/www.trendkids.de\/blog\/wp-content\/uploads\/trend-kids-party.jpg"},{"@type":"BreadcrumbList","@id":"https:\/\/www.trendkids.de\/blog\/670\/trend-kids-kindermode-feiert-geburtstag\/#breadcrumb","itemListElement":[{"@type":"ListItem","position":1,"name":"Startseite","item":"https:\/\/www.trendkids.de\/blog\/"},{"@type":"ListItem","position":2,"name":"Trend-Kids Kindermode feiert Geburtstag"}]},{"@type":"WebSite","@id":"https:\/\/www.trendkids.de\/blog\/#website","url":"https:\/\/www.trendkids.de\/blog\/","name":"on the blog","description":"m\u00fctter, kinder und mode im trend der zeit","potentialAction":[{"@type":"SearchAction","target":{"@type":"EntryPoint","urlTemplate":"https:\/\/www.trendkids.de\/blog\/?s={search_term_string}"},"query-input":{"@type":"PropertyValueSpecification","valueRequired":true,"valueName":"search_term_string"}}],"inLanguage":"de"},{"@type":"Person","@id":"https:\/\/www.trendkids.de\/blog\/#\/schema\/person\/6d1ee9516d52048ed7426ee801b02723","name":"Monika","image":{"@type":"ImageObject","inLanguage":"de","@id":"https:\/\/www.trendkids.de\/blog\/#\/schema\/person\/image\/","url":"https:\/\/secure.gravatar.com\/avatar\/74a4dbf191f922a99a3888eb98fbce00c02d3923345226f6b98a304d7eac3d8d?s=96&d=mm&r=g","contentUrl":"https:\/\/secure.gravatar.com\/avatar\/74a4dbf191f922a99a3888eb98fbce00c02d3923345226f6b98a304d7eac3d8d?s=96&d=mm&r=g","caption":"Monika"},"sameAs":["http:\/\/www.trendkids.de\/"],"url":"https:\/\/www.trendkids.de\/blog\/author\/moni\/"}]}},"_links":{"self":[{"href":"https:\/\/www.trendkids.de\/blog\/wp-json\/wp\/v2\/posts\/670","targetHints":{"allow":["GET"]}}],"collection":[{"href":"https:\/\/www.trendkids.de\/blog\/wp-json\/wp\/v2\/posts"}],"about":[{"href":"https:\/\/www.trendkids.de\/blog\/wp-json\/wp\/v2\/types\/post"}],"author":[{"embeddable":true,"href":"https:\/\/www.trendkids.de\/blog\/wp-json\/wp\/v2\/users\/2"}],"replies":[{"embeddable":true,"href":"https:\/\/www.trendkids.de\/blog\/wp-json\/wp\/v2\/comments?post=670"}],"version-history":[{"count":0,"href":"https:\/\/www.trendkids.de\/blog\/wp-json\/wp\/v2\/posts\/670\/revisions"}],"wp:attachment":[{"href":"https:\/\/www.trendkids.de\/blog\/wp-json\/wp\/v2\/media?parent=670"}],"wp:term":[{"taxonomy":"category","embeddable":true,"href":"https:\/\/www.trendkids.de\/blog\/wp-json\/wp\/v2\/categories?post=670"},{"taxonomy":"post_tag","embeddable":true,"href":"https:\/\/www.trendkids.de\/blog\/wp-json\/wp\/v2\/tags?post=670"}],"curies":[{"name":"wp","href":"https:\/\/api.w.org\/{rel}","templated":true}]}}