{"id":579,"date":"2013-08-18T01:59:11","date_gmt":"2013-08-18T01:59:11","guid":{"rendered":"http:\/\/www.trendkids.de\/blog\/?p=579"},"modified":"2014-10-03T01:20:28","modified_gmt":"2014-10-03T01:20:28","slug":"trend-kids-treffen-ella-paul","status":"publish","type":"post","link":"https:\/\/www.trendkids.de\/blog\/579\/trend-kids-treffen-ella-paul\/","title":{"rendered":"Trend-Kids treffen Ella &#038; Paul"},"content":{"rendered":"<p>Seit fast zehn Jahren sind wir mit unserem Online-Shop www.trend-kids.de online und genauso lange haben wir eine treue Begleiterin: unsere kleine Prinzessin aus unserem Logo. Von einem damals siebenj\u00e4hrigen Jungen entworfen steht sie uns seitdem immer zur Seite \u2013 immer l\u00e4chelnd, immer mit offenen Armen. Aber leider nur zweidimensional&#8230;<\/p>\n<p>Schade, denn eigentlich m\u00f6chte man sie gerne knuddeln! Aber dann stie\u00dfen wir zuf\u00e4lligerweise auf \u201e<a href=\"http:\/\/www.ellapaul.de\/\">Ella &#038; Paul<\/a>\u201c &#8211; eine kleine Manufaktur, die in Heimarbeit in Litauen ganz individuelle Kuscheltiere nach eingesandten Kinderzeichnungen n\u00e4ht. Das w\u00e4re doch etwas f\u00fcr unsere Prinzessin! Gesagt, getan \u2013 wir schickten unser Logo nach Willich und nach einigen Wochen schneite unsere Prinzessin leibhaftig in 3D ins Haus. <\/p>\n<p><a href=\"http:\/\/www.trendkids.de\/blog\/wp-content\/uploads\/2013\/07\/puppe-1.jpg\"><img decoding=\"async\" src=\"http:\/\/www.trendkids.de\/blog\/wp-content\/uploads\/2013\/07\/puppe-1-1024x682.jpg\" alt=\"puppe-1\" width=\"600\" height=\"399\" class=\"alignnone size-large wp-image-20\" \/><\/a><\/p>\n<p>Wir sind begeistert von Ella &#038; Paul. Wirklich genau nach Vorlage gefertigt aus ganz weichen Stoffen. Jetzt k\u00f6nnen wir nach Herzenslust knuddeln \u2013 wir m\u00fcssen uns nur noch einig werden, wer von uns beiden zuerst darf&#8230;<\/p>\n","protected":false},"excerpt":{"rendered":"<p>Seit fast zehn Jahren sind wir mit unserem Online-Shop www.trend-kids.de online und genauso lange haben wir eine treue Begleiterin: unsere kleine Prinzessin aus unserem Logo. Von einem damals siebenj\u00e4hrigen Jungen entworfen steht sie uns seitdem immer zur Seite \u2013 immer l\u00e4chelnd, immer mit offenen Armen. Aber leider nur zweidimensional&#8230; Schade, denn eigentlich m\u00f6chte man sie &#8230; <a title=\"Trend-Kids treffen Ella &#038; Paul\" class=\"read-more\" href=\"https:\/\/www.trendkids.de\/blog\/579\/trend-kids-treffen-ella-paul\/\">Weiterlesen &#8230;<\/a><\/p>\n","protected":false},"author":1,"featured_media":585,"comment_status":"open","ping_status":"open","sticky":false,"template":"","format":"standard","meta":{"generate_page_header":"","footnotes":""},"categories":[3],"tags":[],"class_list":["post-579","post","type-post","status-publish","format-standard","has-post-thumbnail","hentry","category-persoenlich"],"yoast_head":"<!-- This site is optimized with the Yoast SEO plugin v24.8.1 - https:\/\/yoast.com\/wordpress\/plugins\/seo\/ -->\n<title>Trend-Kids treffen Ella &amp; Paul  - on the blog<\/title>\n<meta name=\"robots\" content=\"index, follow, max-snippet:-1, max-image-preview:large, max-video-preview:-1\" \/>\n<link rel=\"canonical\" href=\"https:\/\/www.trendkids.de\/blog\/579\/trend-kids-treffen-ella-paul\/\" \/>\n<meta property=\"og:locale\" content=\"de_DE\" \/>\n<meta property=\"og:type\" content=\"article\" \/>\n<meta property=\"og:title\" content=\"Trend-Kids treffen Ella &amp; Paul  - on the blog\" \/>\n<meta property=\"og:description\" content=\"Seit fast zehn Jahren sind wir mit unserem Online-Shop www.trend-kids.de online und genauso lange haben wir eine treue Begleiterin: unsere kleine Prinzessin aus unserem Logo. Von einem damals siebenj\u00e4hrigen Jungen entworfen steht sie uns seitdem immer zur Seite \u2013 immer l\u00e4chelnd, immer mit offenen Armen. Aber leider nur zweidimensional&#8230; Schade, denn eigentlich m\u00f6chte man sie ... Weiterlesen ...\" \/>\n<meta property=\"og:url\" content=\"https:\/\/www.trendkids.de\/blog\/579\/trend-kids-treffen-ella-paul\/\" \/>\n<meta property=\"og:site_name\" content=\"on the blog\" \/>\n<meta property=\"article:published_time\" content=\"2013-08-18T01:59:11+00:00\" \/>\n<meta property=\"article:modified_time\" content=\"2014-10-03T01:20:28+00:00\" \/>\n<meta property=\"og:image\" content=\"https:\/\/www.trendkids.de\/blog\/wp-content\/uploads\/puppe-1.jpg\" \/>\n\t<meta property=\"og:image:width\" content=\"3456\" \/>\n\t<meta property=\"og:image:height\" content=\"2304\" \/>\n\t<meta property=\"og:image:type\" content=\"image\/jpeg\" \/>\n<meta name=\"author\" content=\"Gerald\" \/>\n<meta name=\"twitter:label1\" content=\"Verfasst von\" \/>\n\t<meta name=\"twitter:data1\" content=\"Gerald\" \/>\n\t<meta name=\"twitter:label2\" content=\"Gesch\u00e4tzte Lesezeit\" \/>\n\t<meta name=\"twitter:data2\" content=\"1\u00a0Minute\" \/>\n<script type=\"application\/ld+json\" class=\"yoast-schema-graph\">{\"@context\":\"https:\/\/schema.org\",\"@graph\":[{\"@type\":\"WebPage\",\"@id\":\"https:\/\/www.trendkids.de\/blog\/579\/trend-kids-treffen-ella-paul\/\",\"url\":\"https:\/\/www.trendkids.de\/blog\/579\/trend-kids-treffen-ella-paul\/\",\"name\":\"Trend-Kids treffen Ella & Paul - on the blog\",\"isPartOf\":{\"@id\":\"https:\/\/www.trendkids.de\/blog\/#website\"},\"primaryImageOfPage\":{\"@id\":\"https:\/\/www.trendkids.de\/blog\/579\/trend-kids-treffen-ella-paul\/#primaryimage\"},\"image\":{\"@id\":\"https:\/\/www.trendkids.de\/blog\/579\/trend-kids-treffen-ella-paul\/#primaryimage\"},\"thumbnailUrl\":\"https:\/\/www.trendkids.de\/blog\/wp-content\/uploads\/puppe-1.jpg\",\"datePublished\":\"2013-08-18T01:59:11+00:00\",\"dateModified\":\"2014-10-03T01:20:28+00:00\",\"author\":{\"@id\":\"https:\/\/www.trendkids.de\/blog\/#\/schema\/person\/a8ce5a41c538f81ee45e264c8303f896\"},\"breadcrumb\":{\"@id\":\"https:\/\/www.trendkids.de\/blog\/579\/trend-kids-treffen-ella-paul\/#breadcrumb\"},\"inLanguage\":\"de\",\"potentialAction\":[{\"@type\":\"ReadAction\",\"target\":[\"https:\/\/www.trendkids.de\/blog\/579\/trend-kids-treffen-ella-paul\/\"]}]},{\"@type\":\"ImageObject\",\"inLanguage\":\"de\",\"@id\":\"https:\/\/www.trendkids.de\/blog\/579\/trend-kids-treffen-ella-paul\/#primaryimage\",\"url\":\"https:\/\/www.trendkids.de\/blog\/wp-content\/uploads\/puppe-1.jpg\",\"contentUrl\":\"https:\/\/www.trendkids.de\/blog\/wp-content\/uploads\/puppe-1.jpg\",\"width\":3456,\"height\":2304},{\"@type\":\"BreadcrumbList\",\"@id\":\"https:\/\/www.trendkids.de\/blog\/579\/trend-kids-treffen-ella-paul\/#breadcrumb\",\"itemListElement\":[{\"@type\":\"ListItem\",\"position\":1,\"name\":\"Startseite\",\"item\":\"https:\/\/www.trendkids.de\/blog\/\"},{\"@type\":\"ListItem\",\"position\":2,\"name\":\"Trend-Kids treffen Ella &#038; Paul\"}]},{\"@type\":\"WebSite\",\"@id\":\"https:\/\/www.trendkids.de\/blog\/#website\",\"url\":\"https:\/\/www.trendkids.de\/blog\/\",\"name\":\"on the blog\",\"description\":\"m\u00fctter, kinder und mode im trend der zeit\",\"potentialAction\":[{\"@type\":\"SearchAction\",\"target\":{\"@type\":\"EntryPoint\",\"urlTemplate\":\"https:\/\/www.trendkids.de\/blog\/?s={search_term_string}\"},\"query-input\":{\"@type\":\"PropertyValueSpecification\",\"valueRequired\":true,\"valueName\":\"search_term_string\"}}],\"inLanguage\":\"de\"},{\"@type\":\"Person\",\"@id\":\"https:\/\/www.trendkids.de\/blog\/#\/schema\/person\/a8ce5a41c538f81ee45e264c8303f896\",\"name\":\"Gerald\",\"image\":{\"@type\":\"ImageObject\",\"inLanguage\":\"de\",\"@id\":\"https:\/\/www.trendkids.de\/blog\/#\/schema\/person\/image\/\",\"url\":\"https:\/\/secure.gravatar.com\/avatar\/bb12bf230e00fff74fbab26c0745785fabea44bf93e9e4587ad92adfa88d9624?s=96&d=mm&r=g\",\"contentUrl\":\"https:\/\/secure.gravatar.com\/avatar\/bb12bf230e00fff74fbab26c0745785fabea44bf93e9e4587ad92adfa88d9624?s=96&d=mm&r=g\",\"caption\":\"Gerald\"},\"sameAs\":[\"http:\/\/www.mehrweb.com\"],\"url\":\"https:\/\/www.trendkids.de\/blog\/author\/admin\/\"}]}<\/script>\n<!-- \/ Yoast SEO plugin. -->","yoast_head_json":{"title":"Trend-Kids treffen Ella & Paul  - on the blog","robots":{"index":"index","follow":"follow","max-snippet":"max-snippet:-1","max-image-preview":"max-image-preview:large","max-video-preview":"max-video-preview:-1"},"canonical":"https:\/\/www.trendkids.de\/blog\/579\/trend-kids-treffen-ella-paul\/","og_locale":"de_DE","og_type":"article","og_title":"Trend-Kids treffen Ella & Paul  - on the blog","og_description":"Seit fast zehn Jahren sind wir mit unserem Online-Shop www.trend-kids.de online und genauso lange haben wir eine treue Begleiterin: unsere kleine Prinzessin aus unserem Logo. Von einem damals siebenj\u00e4hrigen Jungen entworfen steht sie uns seitdem immer zur Seite \u2013 immer l\u00e4chelnd, immer mit offenen Armen. Aber leider nur zweidimensional&#8230; Schade, denn eigentlich m\u00f6chte man sie ... Weiterlesen ...","og_url":"https:\/\/www.trendkids.de\/blog\/579\/trend-kids-treffen-ella-paul\/","og_site_name":"on the blog","article_published_time":"2013-08-18T01:59:11+00:00","article_modified_time":"2014-10-03T01:20:28+00:00","og_image":[{"width":3456,"height":2304,"url":"https:\/\/www.trendkids.de\/blog\/wp-content\/uploads\/puppe-1.jpg","type":"image\/jpeg"}],"author":"Gerald","twitter_misc":{"Verfasst von":"Gerald","Gesch\u00e4tzte Lesezeit":"1\u00a0Minute"},"schema":{"@context":"https:\/\/schema.org","@graph":[{"@type":"WebPage","@id":"https:\/\/www.trendkids.de\/blog\/579\/trend-kids-treffen-ella-paul\/","url":"https:\/\/www.trendkids.de\/blog\/579\/trend-kids-treffen-ella-paul\/","name":"Trend-Kids treffen Ella & Paul - on the blog","isPartOf":{"@id":"https:\/\/www.trendkids.de\/blog\/#website"},"primaryImageOfPage":{"@id":"https:\/\/www.trendkids.de\/blog\/579\/trend-kids-treffen-ella-paul\/#primaryimage"},"image":{"@id":"https:\/\/www.trendkids.de\/blog\/579\/trend-kids-treffen-ella-paul\/#primaryimage"},"thumbnailUrl":"https:\/\/www.trendkids.de\/blog\/wp-content\/uploads\/puppe-1.jpg","datePublished":"2013-08-18T01:59:11+00:00","dateModified":"2014-10-03T01:20:28+00:00","author":{"@id":"https:\/\/www.trendkids.de\/blog\/#\/schema\/person\/a8ce5a41c538f81ee45e264c8303f896"},"breadcrumb":{"@id":"https:\/\/www.trendkids.de\/blog\/579\/trend-kids-treffen-ella-paul\/#breadcrumb"},"inLanguage":"de","potentialAction":[{"@type":"ReadAction","target":["https:\/\/www.trendkids.de\/blog\/579\/trend-kids-treffen-ella-paul\/"]}]},{"@type":"ImageObject","inLanguage":"de","@id":"https:\/\/www.trendkids.de\/blog\/579\/trend-kids-treffen-ella-paul\/#primaryimage","url":"https:\/\/www.trendkids.de\/blog\/wp-content\/uploads\/puppe-1.jpg","contentUrl":"https:\/\/www.trendkids.de\/blog\/wp-content\/uploads\/puppe-1.jpg","width":3456,"height":2304},{"@type":"BreadcrumbList","@id":"https:\/\/www.trendkids.de\/blog\/579\/trend-kids-treffen-ella-paul\/#breadcrumb","itemListElement":[{"@type":"ListItem","position":1,"name":"Startseite","item":"https:\/\/www.trendkids.de\/blog\/"},{"@type":"ListItem","position":2,"name":"Trend-Kids treffen Ella &#038; Paul"}]},{"@type":"WebSite","@id":"https:\/\/www.trendkids.de\/blog\/#website","url":"https:\/\/www.trendkids.de\/blog\/","name":"on the blog","description":"m\u00fctter, kinder und mode im trend der zeit","potentialAction":[{"@type":"SearchAction","target":{"@type":"EntryPoint","urlTemplate":"https:\/\/www.trendkids.de\/blog\/?s={search_term_string}"},"query-input":{"@type":"PropertyValueSpecification","valueRequired":true,"valueName":"search_term_string"}}],"inLanguage":"de"},{"@type":"Person","@id":"https:\/\/www.trendkids.de\/blog\/#\/schema\/person\/a8ce5a41c538f81ee45e264c8303f896","name":"Gerald","image":{"@type":"ImageObject","inLanguage":"de","@id":"https:\/\/www.trendkids.de\/blog\/#\/schema\/person\/image\/","url":"https:\/\/secure.gravatar.com\/avatar\/bb12bf230e00fff74fbab26c0745785fabea44bf93e9e4587ad92adfa88d9624?s=96&d=mm&r=g","contentUrl":"https:\/\/secure.gravatar.com\/avatar\/bb12bf230e00fff74fbab26c0745785fabea44bf93e9e4587ad92adfa88d9624?s=96&d=mm&r=g","caption":"Gerald"},"sameAs":["http:\/\/www.mehrweb.com"],"url":"https:\/\/www.trendkids.de\/blog\/author\/admin\/"}]}},"_links":{"self":[{"href":"https:\/\/www.trendkids.de\/blog\/wp-json\/wp\/v2\/posts\/579","targetHints":{"allow":["GET"]}}],"collection":[{"href":"https:\/\/www.trendkids.de\/blog\/wp-json\/wp\/v2\/posts"}],"about":[{"href":"https:\/\/www.trendkids.de\/blog\/wp-json\/wp\/v2\/types\/post"}],"author":[{"embeddable":true,"href":"https:\/\/www.trendkids.de\/blog\/wp-json\/wp\/v2\/users\/1"}],"replies":[{"embeddable":true,"href":"https:\/\/www.trendkids.de\/blog\/wp-json\/wp\/v2\/comments?post=579"}],"version-history":[{"count":0,"href":"https:\/\/www.trendkids.de\/blog\/wp-json\/wp\/v2\/posts\/579\/revisions"}],"wp:featuredmedia":[{"embeddable":true,"href":"https:\/\/www.trendkids.de\/blog\/wp-json\/wp\/v2\/media\/585"}],"wp:attachment":[{"href":"https:\/\/www.trendkids.de\/blog\/wp-json\/wp\/v2\/media?parent=579"}],"wp:term":[{"taxonomy":"category","embeddable":true,"href":"https:\/\/www.trendkids.de\/blog\/wp-json\/wp\/v2\/categories?post=579"},{"taxonomy":"post_tag","embeddable":true,"href":"https:\/\/www.trendkids.de\/blog\/wp-json\/wp\/v2\/tags?post=579"}],"curies":[{"name":"wp","href":"https:\/\/api.w.org\/{rel}","templated":true}]}}