{"id":39,"date":"2008-01-25T13:06:28","date_gmt":"2008-01-25T12:06:28","guid":{"rendered":"http:\/\/www.trend-kids.de\/blog\/39\/schuluniformen-eine-sache-der-zukunft\/"},"modified":"2008-01-25T13:06:28","modified_gmt":"2008-01-25T12:06:28","slug":"schuluniformen-eine-sache-der-zukunft","status":"publish","type":"post","link":"https:\/\/www.trendkids.de\/blog\/39\/schuluniformen-eine-sache-der-zukunft\/","title":{"rendered":"Schuluniformen &#8211; eine Sache der Zukunft ?"},"content":{"rendered":"<p>Gestern las ich in unserer Tageszeitung &#8222;Neue Westf\u00e4lische&#8220; einen interessanten Artikel: In Rheda-Wiedenbr\u00fcck gibt es eine Schule, die Ernst-Barlach-Realschule (EBR), die seit Anfang des Jahres einheitliche Schulkleidung hat. Das Thema interessiert mich schon seit l\u00e4ngerem, da ich im Urlaub in englischsprachigen L\u00e4ndern regelm\u00e4\u00dfig Sch\u00fcler in den unterschiedlichsten Schuluniformen gesehen habe und mich letztes Jahr in Schottland auch mit einem 12j\u00e4hrigen Sch\u00fcler \u00fcber Sinn und Unsinn einer solchen Uniform unterhalten habe. Er war \u00fcbrigens &#8222;pro&#8220; eingestellt und auf sein Sweatshirt mit Schulwappen sichtlich stolz&#8230;<\/p>\n<p>Die M\u00f6glichkeit der Einf\u00fchrung einer Schuluniform in Nordrhein-Westfalen wurde durch das neue Schulgesetz erm\u00f6glicht. Das hat die EBR als Gelegenheit genutzt, dar\u00fcber abzustimmen. Ergebnis war die einheitliche Kleidung f\u00fcr alle Sch\u00fcler auf freiwilliger Basis.<\/p>\n<p>Danach ging es in die Planungsphase: es sollten Kapuzenpullover und Polo-Shirts sein &#8211; in knalligem Blau. Als n\u00e4chstes wurde\u00a0ein Wettbewerb durch die Sch\u00fclervertretung ausgeschrieben, in dem \u00a0nach einem passenden Logo gesucht wurde. Per Abstimmung durch die Sch\u00fcler und Lehrer wurde der Entwurf von Hanna Prasse (10. Klasse) angenommen: auf der R\u00fcckseite der Sweats und Shirts ist der Schriftzug der Schule in Kreisform aufgedruckt, die Vorderseite ziert in H\u00f6he und Gr\u00f6\u00dfe der Brusttasche ein Wappen der Stadt. Die Intention der Schule war, das &#8222;Wir-Gef\u00fchl&#8220; zu st\u00e4rken, sich nach au\u00dfen mit seiner Schule zu identifizieren und anderseits keine Sch\u00fcler auszugrenzen.<\/p>\n<p>Dadurch, dass von Anfang an die Sch\u00fcler bei der Diskussion, ob \u00fcberhaupt und wenn ja, welche Schulkleidung dabei waren, dass der Entwurf nicht von au\u00dfen kam sondern von einer selbst betroffenen Sch\u00fclerin und dass die Schwierigkeiten der Umsetzung wie Anbieter und Sponsoren finden und Verhandlungen f\u00fchren auch mit den Sch\u00fclern zusammen umgesetzt wurde, denke ich mir, hat es die Ernst-Barlach-Realschule wirklich geschafft, dass sich die Sch\u00fcler mit ihrer Schulkleidung identifizieren und sie gerne tragen werden. Vielleicht ist das wirklich der Weg, auf diese Art und Weise Schulkleidung in Deutschland zu etablieren &#8211; statt nur dar\u00fcber zu schimpfen, dass die Schulh\u00f6fe zu Laufstegen werden, wo man die neuste und angesagteste Markenkleidung pr\u00e4sentieren kann!<\/p>\n","protected":false},"excerpt":{"rendered":"<p>Gestern las ich in unserer Tageszeitung &#8222;Neue Westf\u00e4lische&#8220; einen interessanten Artikel: In Rheda-Wiedenbr\u00fcck gibt es eine Schule, die Ernst-Barlach-Realschule (EBR), die seit Anfang des Jahres einheitliche Schulkleidung hat. Das Thema interessiert mich schon seit l\u00e4ngerem, da ich im Urlaub in englischsprachigen L\u00e4ndern regelm\u00e4\u00dfig Sch\u00fcler in den unterschiedlichsten Schuluniformen gesehen habe und mich letztes Jahr in &#8230; <a title=\"Schuluniformen &#8211; eine Sache der Zukunft ?\" class=\"read-more\" href=\"https:\/\/www.trendkids.de\/blog\/39\/schuluniformen-eine-sache-der-zukunft\/\">Weiterlesen &#8230;<\/a><\/p>\n","protected":false},"author":4,"featured_media":0,"comment_status":"open","ping_status":"open","sticky":false,"template":"","format":"standard","meta":{"generate_page_header":"","footnotes":""},"categories":[1],"tags":[],"class_list":["post-39","post","type-post","status-publish","format-standard","hentry","category-allgemein"],"yoast_head":"<!-- This site is optimized with the Yoast SEO plugin v24.8.1 - https:\/\/yoast.com\/wordpress\/plugins\/seo\/ -->\n<title>Schuluniformen - eine Sache der Zukunft ? - on the blog<\/title>\n<meta name=\"robots\" content=\"index, follow, max-snippet:-1, max-image-preview:large, max-video-preview:-1\" \/>\n<link rel=\"canonical\" href=\"https:\/\/www.trendkids.de\/blog\/39\/schuluniformen-eine-sache-der-zukunft\/\" \/>\n<meta property=\"og:locale\" content=\"de_DE\" \/>\n<meta property=\"og:type\" content=\"article\" \/>\n<meta property=\"og:title\" content=\"Schuluniformen - eine Sache der Zukunft ? - on the blog\" \/>\n<meta property=\"og:description\" content=\"Gestern las ich in unserer Tageszeitung &#8222;Neue Westf\u00e4lische&#8220; einen interessanten Artikel: In Rheda-Wiedenbr\u00fcck gibt es eine Schule, die Ernst-Barlach-Realschule (EBR), die seit Anfang des Jahres einheitliche Schulkleidung hat. Das Thema interessiert mich schon seit l\u00e4ngerem, da ich im Urlaub in englischsprachigen L\u00e4ndern regelm\u00e4\u00dfig Sch\u00fcler in den unterschiedlichsten Schuluniformen gesehen habe und mich letztes Jahr in ... Weiterlesen ...\" \/>\n<meta property=\"og:url\" content=\"https:\/\/www.trendkids.de\/blog\/39\/schuluniformen-eine-sache-der-zukunft\/\" \/>\n<meta property=\"og:site_name\" content=\"on the blog\" \/>\n<meta property=\"article:published_time\" content=\"2008-01-25T12:06:28+00:00\" \/>\n<meta name=\"author\" content=\"Karin\" \/>\n<meta name=\"twitter:label1\" content=\"Verfasst von\" \/>\n\t<meta name=\"twitter:data1\" content=\"Karin\" \/>\n\t<meta name=\"twitter:label2\" content=\"Gesch\u00e4tzte Lesezeit\" \/>\n\t<meta name=\"twitter:data2\" content=\"2\u00a0Minuten\" \/>\n<script type=\"application\/ld+json\" class=\"yoast-schema-graph\">{\"@context\":\"https:\/\/schema.org\",\"@graph\":[{\"@type\":\"WebPage\",\"@id\":\"https:\/\/www.trendkids.de\/blog\/39\/schuluniformen-eine-sache-der-zukunft\/\",\"url\":\"https:\/\/www.trendkids.de\/blog\/39\/schuluniformen-eine-sache-der-zukunft\/\",\"name\":\"Schuluniformen - eine Sache der Zukunft ? - on the blog\",\"isPartOf\":{\"@id\":\"https:\/\/www.trendkids.de\/blog\/#website\"},\"datePublished\":\"2008-01-25T12:06:28+00:00\",\"author\":{\"@id\":\"https:\/\/www.trendkids.de\/blog\/#\/schema\/person\/92ed07b416d3b1bea72c647c91187a41\"},\"breadcrumb\":{\"@id\":\"https:\/\/www.trendkids.de\/blog\/39\/schuluniformen-eine-sache-der-zukunft\/#breadcrumb\"},\"inLanguage\":\"de\",\"potentialAction\":[{\"@type\":\"ReadAction\",\"target\":[\"https:\/\/www.trendkids.de\/blog\/39\/schuluniformen-eine-sache-der-zukunft\/\"]}]},{\"@type\":\"BreadcrumbList\",\"@id\":\"https:\/\/www.trendkids.de\/blog\/39\/schuluniformen-eine-sache-der-zukunft\/#breadcrumb\",\"itemListElement\":[{\"@type\":\"ListItem\",\"position\":1,\"name\":\"Startseite\",\"item\":\"https:\/\/www.trendkids.de\/blog\/\"},{\"@type\":\"ListItem\",\"position\":2,\"name\":\"Schuluniformen &#8211; eine Sache der Zukunft ?\"}]},{\"@type\":\"WebSite\",\"@id\":\"https:\/\/www.trendkids.de\/blog\/#website\",\"url\":\"https:\/\/www.trendkids.de\/blog\/\",\"name\":\"on the blog\",\"description\":\"m\u00fctter, kinder und mode im trend der zeit\",\"potentialAction\":[{\"@type\":\"SearchAction\",\"target\":{\"@type\":\"EntryPoint\",\"urlTemplate\":\"https:\/\/www.trendkids.de\/blog\/?s={search_term_string}\"},\"query-input\":{\"@type\":\"PropertyValueSpecification\",\"valueRequired\":true,\"valueName\":\"search_term_string\"}}],\"inLanguage\":\"de\"},{\"@type\":\"Person\",\"@id\":\"https:\/\/www.trendkids.de\/blog\/#\/schema\/person\/92ed07b416d3b1bea72c647c91187a41\",\"name\":\"Karin\",\"image\":{\"@type\":\"ImageObject\",\"inLanguage\":\"de\",\"@id\":\"https:\/\/www.trendkids.de\/blog\/#\/schema\/person\/image\/\",\"url\":\"https:\/\/secure.gravatar.com\/avatar\/96b10ad36d091c8618cc915e5afb51197d7a050ea53dfc698db4b2a28987d572?s=96&d=mm&r=g\",\"contentUrl\":\"https:\/\/secure.gravatar.com\/avatar\/96b10ad36d091c8618cc915e5afb51197d7a050ea53dfc698db4b2a28987d572?s=96&d=mm&r=g\",\"caption\":\"Karin\"},\"sameAs\":[\"http:\/\/www.trend-kids.de\/\"],\"url\":\"https:\/\/www.trendkids.de\/blog\/author\/karin\/\"}]}<\/script>\n<!-- \/ Yoast SEO plugin. -->","yoast_head_json":{"title":"Schuluniformen - eine Sache der Zukunft ? - on the blog","robots":{"index":"index","follow":"follow","max-snippet":"max-snippet:-1","max-image-preview":"max-image-preview:large","max-video-preview":"max-video-preview:-1"},"canonical":"https:\/\/www.trendkids.de\/blog\/39\/schuluniformen-eine-sache-der-zukunft\/","og_locale":"de_DE","og_type":"article","og_title":"Schuluniformen - eine Sache der Zukunft ? - on the blog","og_description":"Gestern las ich in unserer Tageszeitung &#8222;Neue Westf\u00e4lische&#8220; einen interessanten Artikel: In Rheda-Wiedenbr\u00fcck gibt es eine Schule, die Ernst-Barlach-Realschule (EBR), die seit Anfang des Jahres einheitliche Schulkleidung hat. Das Thema interessiert mich schon seit l\u00e4ngerem, da ich im Urlaub in englischsprachigen L\u00e4ndern regelm\u00e4\u00dfig Sch\u00fcler in den unterschiedlichsten Schuluniformen gesehen habe und mich letztes Jahr in ... Weiterlesen ...","og_url":"https:\/\/www.trendkids.de\/blog\/39\/schuluniformen-eine-sache-der-zukunft\/","og_site_name":"on the blog","article_published_time":"2008-01-25T12:06:28+00:00","author":"Karin","twitter_misc":{"Verfasst von":"Karin","Gesch\u00e4tzte Lesezeit":"2\u00a0Minuten"},"schema":{"@context":"https:\/\/schema.org","@graph":[{"@type":"WebPage","@id":"https:\/\/www.trendkids.de\/blog\/39\/schuluniformen-eine-sache-der-zukunft\/","url":"https:\/\/www.trendkids.de\/blog\/39\/schuluniformen-eine-sache-der-zukunft\/","name":"Schuluniformen - eine Sache der Zukunft ? - on the blog","isPartOf":{"@id":"https:\/\/www.trendkids.de\/blog\/#website"},"datePublished":"2008-01-25T12:06:28+00:00","author":{"@id":"https:\/\/www.trendkids.de\/blog\/#\/schema\/person\/92ed07b416d3b1bea72c647c91187a41"},"breadcrumb":{"@id":"https:\/\/www.trendkids.de\/blog\/39\/schuluniformen-eine-sache-der-zukunft\/#breadcrumb"},"inLanguage":"de","potentialAction":[{"@type":"ReadAction","target":["https:\/\/www.trendkids.de\/blog\/39\/schuluniformen-eine-sache-der-zukunft\/"]}]},{"@type":"BreadcrumbList","@id":"https:\/\/www.trendkids.de\/blog\/39\/schuluniformen-eine-sache-der-zukunft\/#breadcrumb","itemListElement":[{"@type":"ListItem","position":1,"name":"Startseite","item":"https:\/\/www.trendkids.de\/blog\/"},{"@type":"ListItem","position":2,"name":"Schuluniformen &#8211; eine Sache der Zukunft ?"}]},{"@type":"WebSite","@id":"https:\/\/www.trendkids.de\/blog\/#website","url":"https:\/\/www.trendkids.de\/blog\/","name":"on the blog","description":"m\u00fctter, kinder und mode im trend der zeit","potentialAction":[{"@type":"SearchAction","target":{"@type":"EntryPoint","urlTemplate":"https:\/\/www.trendkids.de\/blog\/?s={search_term_string}"},"query-input":{"@type":"PropertyValueSpecification","valueRequired":true,"valueName":"search_term_string"}}],"inLanguage":"de"},{"@type":"Person","@id":"https:\/\/www.trendkids.de\/blog\/#\/schema\/person\/92ed07b416d3b1bea72c647c91187a41","name":"Karin","image":{"@type":"ImageObject","inLanguage":"de","@id":"https:\/\/www.trendkids.de\/blog\/#\/schema\/person\/image\/","url":"https:\/\/secure.gravatar.com\/avatar\/96b10ad36d091c8618cc915e5afb51197d7a050ea53dfc698db4b2a28987d572?s=96&d=mm&r=g","contentUrl":"https:\/\/secure.gravatar.com\/avatar\/96b10ad36d091c8618cc915e5afb51197d7a050ea53dfc698db4b2a28987d572?s=96&d=mm&r=g","caption":"Karin"},"sameAs":["http:\/\/www.trend-kids.de\/"],"url":"https:\/\/www.trendkids.de\/blog\/author\/karin\/"}]}},"_links":{"self":[{"href":"https:\/\/www.trendkids.de\/blog\/wp-json\/wp\/v2\/posts\/39","targetHints":{"allow":["GET"]}}],"collection":[{"href":"https:\/\/www.trendkids.de\/blog\/wp-json\/wp\/v2\/posts"}],"about":[{"href":"https:\/\/www.trendkids.de\/blog\/wp-json\/wp\/v2\/types\/post"}],"author":[{"embeddable":true,"href":"https:\/\/www.trendkids.de\/blog\/wp-json\/wp\/v2\/users\/4"}],"replies":[{"embeddable":true,"href":"https:\/\/www.trendkids.de\/blog\/wp-json\/wp\/v2\/comments?post=39"}],"version-history":[{"count":0,"href":"https:\/\/www.trendkids.de\/blog\/wp-json\/wp\/v2\/posts\/39\/revisions"}],"wp:attachment":[{"href":"https:\/\/www.trendkids.de\/blog\/wp-json\/wp\/v2\/media?parent=39"}],"wp:term":[{"taxonomy":"category","embeddable":true,"href":"https:\/\/www.trendkids.de\/blog\/wp-json\/wp\/v2\/categories?post=39"},{"taxonomy":"post_tag","embeddable":true,"href":"https:\/\/www.trendkids.de\/blog\/wp-json\/wp\/v2\/tags?post=39"}],"curies":[{"name":"wp","href":"https:\/\/api.w.org\/{rel}","templated":true}]}}