{"id":320,"date":"2012-06-26T22:49:32","date_gmt":"2012-06-26T22:49:32","guid":{"rendered":"http:\/\/www.trend-kids.de\/blog\/?p=320"},"modified":"2013-08-18T02:10:44","modified_gmt":"2013-08-18T02:10:44","slug":"start-der-2-staffel-jake-und-die-nimmerland-piraten-auf-disney-junior","status":"publish","type":"post","link":"https:\/\/www.trendkids.de\/blog\/320\/start-der-2-staffel-jake-und-die-nimmerland-piraten-auf-disney-junior\/","title":{"rendered":"Start der 2. Staffel Jake und die Nimmerland Piraten auf Disney Junior"},"content":{"rendered":"<p><a href=\"http:\/\/www.trend-kids.de\/blog\/wp-content\/Logo_Disney-Junior-1.jpg\"><img decoding=\"async\" src=\"http:\/\/www.trend-kids.de\/blog\/wp-content\/Logo_Disney-Junior-1.jpg\" alt=\"\" title=\"Logo_Disney Junior-1\" width=\"150\" height=\"113\" class=\"alignleft size-full wp-image-364\" \/><\/a><br \/>\nEs ist wieder soweit: seit Montag, 25.06.12 sind Jake und die Nimmerland Piraten mit neuen Geschichten und Abenteuern zur\u00fcck!<br \/>\nIn der beliebten Animationsserie, die immer von Montag bis Freitags 9.05 Uhr, 14.35 Uhr und 18.05 Uhr auf Disney Junior (Wh.: Sa &#038; So um 11.05 und 18.05 Uhr) zu sehen ist, werden neue spannende Abenteuer von Piratenanf\u00fchrer Jake und seinen beiden Freunden Izzy und Cubby  erz\u00e4hlt. Wie gewohnt m\u00fcssen sie sich dabei gegen die ber\u00fchmten B\u00f6sewichte K\u00e4pt\u2019n Hook und Mister Smee behaupten.<br \/>\n<a href=\"http:\/\/www.trend-kids.de\/blog\/wp-content\/Logo_Jake-und-Nimmerland-Piraten-1.jpg\"><img decoding=\"async\" src=\"http:\/\/www.trend-kids.de\/blog\/wp-content\/Logo_Jake-und-Nimmerland-Piraten-1.jpg\" alt=\"\" title=\"Logo_Jake und Nimmerland Piraten-1\" width=\"300\" height=\"214\" class=\"alignleft size-full wp-image-382\" \/><\/a><br \/>\n18 neue Geschichten voller Spa\u00df und Spannung warten auf die kleinen Fans. So bekommt Bucky in der Folge vom 27.06.12, 9.05 Uhr (\u201eBuckys goldener Anker\u201c), einen neuen, goldenen Anker geschenkt, den K\u00e4pt\u2019n Hook nat\u00fcrlich auch gerne haben m\u00f6chte und ihn deshalb klaut. Bucky versucht, alleine sein Geschenk wiederzubekommen und sticht in See. Aber wie soll man ohne Anker sein Schiff anhalten&#8230;?<\/p>\n<p>In der Folge am 28.06.12, 9.05 Uhr (\u201eDer Nimmer-Regenbogen\u201c), gibt es etwas ganz Besonderes zu sehen: einen wundersch\u00f6nen Regenbogen \u00fcber Nimmerland. Als die Piraten-Prinzessin dann kommt, braucht sie die Hilfe von Jake und seinen Freunden: ihr Regenbogen-Zauberstab ist kaputt. Aber k\u00f6nnen die Nimmerland-Piraten der Prinzessin wirklich helfen&#8230;?<\/p>\n<p>Und schlie\u00dflich wird es am 29.06.12, 9.05 Uhr (\u201ePeter Pans magische Fl\u00f6ten\u201c)richtig zauberhaft: Jake und seine Piraten wachen morgens von einer wundersch\u00f6nen Musik auf. Sie entdecken, dass ihnen Peter Pan seine magischen Fl\u00f6ten dagelassen hat. Mit Hilfe dieser Fl\u00f6ten kann man angeblich eine geheimnisvolle Schatztruhe auf Nimmerland \u00f6ffnen. Was kann sich da wohl f\u00fcr ein Schatz darin verbergen&#8230;?<\/p>\n<p>Die bekannt liebevoll animierten Zeichentrick-Episoden basieren auf dem Disney-Klassiker \u201ePeter Pan\u201c. Durch leicht nachzumachende Bewegungsabl\u00e4ufe werden die kleinen Disney-Fans dazu ermuntert, mitzumachen, w\u00e4hrend die mitrei\u00dfenden Songs der Nimmerland Piraten Band Unterhaltung f\u00fcr die ganze Familie bietet. Angesprochen sind vor allem Vorschulkinder im Alter von 2 bis 7 Jahren, die durch die Disney-typische mitrei\u00dfende Erz\u00e4hlkunst aktiv in das Geschehen mit einbezogen werden. Anhand von Piratenanf\u00fchrer Jake und seinen Freunden wird anschaulich gezeigt, dass man durch Teamarbeit und Zusammenarbeit zum Schluss gewinnt. Au\u00dfer wichtiger Sozialkompetenz wird den Kleinen aber noch mehr ohne erhobenen Zeigefinger vermittelt: erste Rechenaufgaben werden gel\u00f6st, die Sprache wird spielerisch gef\u00f6rdert und es gibt Tipps f\u00fcr eine gesunde Lebensweise. Das alles eingebettet in spannende Geschichten der beliebten Disney-Figuren von gestern und heute!<\/p>\n<p><strong>Und jetzt noch ein kleines &#8222;Bonbon&#8220; f\u00fcr alle gro\u00dfen und kleinen Fans. <\/strong>Um den Start der 2. Staffel von \u201eJake und die Nimmerland Piraten\u201c geb\u00fchrend zu feiern, verlost Trend-Kids Kindermode mit Unterst\u00fctzung von Disney Junior zwei voll gepackte Schatzkisten.<br \/>\n(Inhalt: 1x DVD Jake und die Nimmerland Piraten \u2013 Peter Pan\u2019s R\u00fcckkehr, 1x sprechender Jake, 1x Jake und die Nimmerland Piraten Magnetsticker,1x Disney Junior Kappe, 1x Disney Junior Lunchbox).<\/p>\n<p><strong>Hier gehts zum Jake und die Nimmerland Piraten <a href=\"http:\/\/www.trendkids.de\/blog\/336\/tolles-gewinnspiel-zum-start-der-2-staffel-jake-und-die-nimmerland-piraten-auf-disney-junior\/\">GEWINNSPIEL<\/a> <\/strong><\/p>\n<p>Jetzt mitmachen und mit etwas Gl\u00fcck geht dann schon bald ein gro\u00dfes Piratenschatz-Paket an dich auf die Reise!<\/p>\n","protected":false},"excerpt":{"rendered":"<p>Es ist wieder soweit: seit Montag, 25.06.12 sind Jake und die Nimmerland Piraten mit neuen Geschichten und Abenteuern zur\u00fcck! In der beliebten Animationsserie, die immer von Montag bis Freitags 9.05 Uhr, 14.35 Uhr und 18.05 Uhr auf Disney Junior (Wh.: Sa &#038; So um 11.05 und 18.05 Uhr) zu sehen ist, werden neue spannende Abenteuer &#8230; <a title=\"Start der 2. Staffel Jake und die Nimmerland Piraten auf Disney Junior\" class=\"read-more\" href=\"https:\/\/www.trendkids.de\/blog\/320\/start-der-2-staffel-jake-und-die-nimmerland-piraten-auf-disney-junior\/\">Weiterlesen &#8230;<\/a><\/p>\n","protected":false},"author":2,"featured_media":0,"comment_status":"open","ping_status":"open","sticky":false,"template":"","format":"standard","meta":{"generate_page_header":"","footnotes":""},"categories":[1,5,13],"tags":[],"class_list":["post-320","post","type-post","status-publish","format-standard","hentry","category-allgemein","category-events","category-trend-kids-news"],"yoast_head":"<!-- This site is optimized with the Yoast SEO plugin v24.8.1 - https:\/\/yoast.com\/wordpress\/plugins\/seo\/ -->\n<title>Start der 2. Staffel Jake und die Nimmerland Piraten auf Disney Junior  - on the blog<\/title>\n<meta name=\"robots\" content=\"index, follow, max-snippet:-1, max-image-preview:large, max-video-preview:-1\" \/>\n<link rel=\"canonical\" href=\"https:\/\/www.trendkids.de\/blog\/320\/start-der-2-staffel-jake-und-die-nimmerland-piraten-auf-disney-junior\/\" \/>\n<meta property=\"og:locale\" content=\"de_DE\" \/>\n<meta property=\"og:type\" content=\"article\" \/>\n<meta property=\"og:title\" content=\"Start der 2. Staffel Jake und die Nimmerland Piraten auf Disney Junior  - on the blog\" \/>\n<meta property=\"og:description\" content=\"Es ist wieder soweit: seit Montag, 25.06.12 sind Jake und die Nimmerland Piraten mit neuen Geschichten und Abenteuern zur\u00fcck! In der beliebten Animationsserie, die immer von Montag bis Freitags 9.05 Uhr, 14.35 Uhr und 18.05 Uhr auf Disney Junior (Wh.: Sa &#038; So um 11.05 und 18.05 Uhr) zu sehen ist, werden neue spannende Abenteuer ... Weiterlesen ...\" \/>\n<meta property=\"og:url\" content=\"https:\/\/www.trendkids.de\/blog\/320\/start-der-2-staffel-jake-und-die-nimmerland-piraten-auf-disney-junior\/\" \/>\n<meta property=\"og:site_name\" content=\"on the blog\" \/>\n<meta property=\"article:published_time\" content=\"2012-06-26T22:49:32+00:00\" \/>\n<meta property=\"article:modified_time\" content=\"2013-08-18T02:10:44+00:00\" \/>\n<meta property=\"og:image\" content=\"http:\/\/www.trend-kids.de\/blog\/wp-content\/Logo_Disney-Junior-1.jpg\" \/>\n<meta name=\"author\" content=\"Monika\" \/>\n<meta name=\"twitter:label1\" content=\"Verfasst von\" \/>\n\t<meta name=\"twitter:data1\" content=\"Monika\" \/>\n\t<meta name=\"twitter:label2\" content=\"Gesch\u00e4tzte Lesezeit\" \/>\n\t<meta name=\"twitter:data2\" content=\"2\u00a0Minuten\" \/>\n<script type=\"application\/ld+json\" class=\"yoast-schema-graph\">{\"@context\":\"https:\/\/schema.org\",\"@graph\":[{\"@type\":\"WebPage\",\"@id\":\"https:\/\/www.trendkids.de\/blog\/320\/start-der-2-staffel-jake-und-die-nimmerland-piraten-auf-disney-junior\/\",\"url\":\"https:\/\/www.trendkids.de\/blog\/320\/start-der-2-staffel-jake-und-die-nimmerland-piraten-auf-disney-junior\/\",\"name\":\"Start der 2. Staffel Jake und die Nimmerland Piraten auf Disney Junior - on the blog\",\"isPartOf\":{\"@id\":\"https:\/\/www.trendkids.de\/blog\/#website\"},\"primaryImageOfPage\":{\"@id\":\"https:\/\/www.trendkids.de\/blog\/320\/start-der-2-staffel-jake-und-die-nimmerland-piraten-auf-disney-junior\/#primaryimage\"},\"image\":{\"@id\":\"https:\/\/www.trendkids.de\/blog\/320\/start-der-2-staffel-jake-und-die-nimmerland-piraten-auf-disney-junior\/#primaryimage\"},\"thumbnailUrl\":\"http:\/\/www.trend-kids.de\/blog\/wp-content\/Logo_Disney-Junior-1.jpg\",\"datePublished\":\"2012-06-26T22:49:32+00:00\",\"dateModified\":\"2013-08-18T02:10:44+00:00\",\"author\":{\"@id\":\"https:\/\/www.trendkids.de\/blog\/#\/schema\/person\/6d1ee9516d52048ed7426ee801b02723\"},\"breadcrumb\":{\"@id\":\"https:\/\/www.trendkids.de\/blog\/320\/start-der-2-staffel-jake-und-die-nimmerland-piraten-auf-disney-junior\/#breadcrumb\"},\"inLanguage\":\"de\",\"potentialAction\":[{\"@type\":\"ReadAction\",\"target\":[\"https:\/\/www.trendkids.de\/blog\/320\/start-der-2-staffel-jake-und-die-nimmerland-piraten-auf-disney-junior\/\"]}]},{\"@type\":\"ImageObject\",\"inLanguage\":\"de\",\"@id\":\"https:\/\/www.trendkids.de\/blog\/320\/start-der-2-staffel-jake-und-die-nimmerland-piraten-auf-disney-junior\/#primaryimage\",\"url\":\"http:\/\/www.trend-kids.de\/blog\/wp-content\/Logo_Disney-Junior-1.jpg\",\"contentUrl\":\"http:\/\/www.trend-kids.de\/blog\/wp-content\/Logo_Disney-Junior-1.jpg\"},{\"@type\":\"BreadcrumbList\",\"@id\":\"https:\/\/www.trendkids.de\/blog\/320\/start-der-2-staffel-jake-und-die-nimmerland-piraten-auf-disney-junior\/#breadcrumb\",\"itemListElement\":[{\"@type\":\"ListItem\",\"position\":1,\"name\":\"Startseite\",\"item\":\"https:\/\/www.trendkids.de\/blog\/\"},{\"@type\":\"ListItem\",\"position\":2,\"name\":\"Start der 2. Staffel Jake und die Nimmerland Piraten auf Disney Junior\"}]},{\"@type\":\"WebSite\",\"@id\":\"https:\/\/www.trendkids.de\/blog\/#website\",\"url\":\"https:\/\/www.trendkids.de\/blog\/\",\"name\":\"on the blog\",\"description\":\"m\u00fctter, kinder und mode im trend der zeit\",\"potentialAction\":[{\"@type\":\"SearchAction\",\"target\":{\"@type\":\"EntryPoint\",\"urlTemplate\":\"https:\/\/www.trendkids.de\/blog\/?s={search_term_string}\"},\"query-input\":{\"@type\":\"PropertyValueSpecification\",\"valueRequired\":true,\"valueName\":\"search_term_string\"}}],\"inLanguage\":\"de\"},{\"@type\":\"Person\",\"@id\":\"https:\/\/www.trendkids.de\/blog\/#\/schema\/person\/6d1ee9516d52048ed7426ee801b02723\",\"name\":\"Monika\",\"image\":{\"@type\":\"ImageObject\",\"inLanguage\":\"de\",\"@id\":\"https:\/\/www.trendkids.de\/blog\/#\/schema\/person\/image\/\",\"url\":\"https:\/\/secure.gravatar.com\/avatar\/74a4dbf191f922a99a3888eb98fbce00c02d3923345226f6b98a304d7eac3d8d?s=96&d=mm&r=g\",\"contentUrl\":\"https:\/\/secure.gravatar.com\/avatar\/74a4dbf191f922a99a3888eb98fbce00c02d3923345226f6b98a304d7eac3d8d?s=96&d=mm&r=g\",\"caption\":\"Monika\"},\"sameAs\":[\"http:\/\/www.trendkids.de\/\"],\"url\":\"https:\/\/www.trendkids.de\/blog\/author\/moni\/\"}]}<\/script>\n<!-- \/ Yoast SEO plugin. -->","yoast_head_json":{"title":"Start der 2. Staffel Jake und die Nimmerland Piraten auf Disney Junior  - on the blog","robots":{"index":"index","follow":"follow","max-snippet":"max-snippet:-1","max-image-preview":"max-image-preview:large","max-video-preview":"max-video-preview:-1"},"canonical":"https:\/\/www.trendkids.de\/blog\/320\/start-der-2-staffel-jake-und-die-nimmerland-piraten-auf-disney-junior\/","og_locale":"de_DE","og_type":"article","og_title":"Start der 2. Staffel Jake und die Nimmerland Piraten auf Disney Junior  - on the blog","og_description":"Es ist wieder soweit: seit Montag, 25.06.12 sind Jake und die Nimmerland Piraten mit neuen Geschichten und Abenteuern zur\u00fcck! In der beliebten Animationsserie, die immer von Montag bis Freitags 9.05 Uhr, 14.35 Uhr und 18.05 Uhr auf Disney Junior (Wh.: Sa &#038; So um 11.05 und 18.05 Uhr) zu sehen ist, werden neue spannende Abenteuer ... Weiterlesen ...","og_url":"https:\/\/www.trendkids.de\/blog\/320\/start-der-2-staffel-jake-und-die-nimmerland-piraten-auf-disney-junior\/","og_site_name":"on the blog","article_published_time":"2012-06-26T22:49:32+00:00","article_modified_time":"2013-08-18T02:10:44+00:00","og_image":[{"url":"http:\/\/www.trend-kids.de\/blog\/wp-content\/Logo_Disney-Junior-1.jpg","type":"","width":"","height":""}],"author":"Monika","twitter_misc":{"Verfasst von":"Monika","Gesch\u00e4tzte Lesezeit":"2\u00a0Minuten"},"schema":{"@context":"https:\/\/schema.org","@graph":[{"@type":"WebPage","@id":"https:\/\/www.trendkids.de\/blog\/320\/start-der-2-staffel-jake-und-die-nimmerland-piraten-auf-disney-junior\/","url":"https:\/\/www.trendkids.de\/blog\/320\/start-der-2-staffel-jake-und-die-nimmerland-piraten-auf-disney-junior\/","name":"Start der 2. Staffel Jake und die Nimmerland Piraten auf Disney Junior - on the blog","isPartOf":{"@id":"https:\/\/www.trendkids.de\/blog\/#website"},"primaryImageOfPage":{"@id":"https:\/\/www.trendkids.de\/blog\/320\/start-der-2-staffel-jake-und-die-nimmerland-piraten-auf-disney-junior\/#primaryimage"},"image":{"@id":"https:\/\/www.trendkids.de\/blog\/320\/start-der-2-staffel-jake-und-die-nimmerland-piraten-auf-disney-junior\/#primaryimage"},"thumbnailUrl":"http:\/\/www.trend-kids.de\/blog\/wp-content\/Logo_Disney-Junior-1.jpg","datePublished":"2012-06-26T22:49:32+00:00","dateModified":"2013-08-18T02:10:44+00:00","author":{"@id":"https:\/\/www.trendkids.de\/blog\/#\/schema\/person\/6d1ee9516d52048ed7426ee801b02723"},"breadcrumb":{"@id":"https:\/\/www.trendkids.de\/blog\/320\/start-der-2-staffel-jake-und-die-nimmerland-piraten-auf-disney-junior\/#breadcrumb"},"inLanguage":"de","potentialAction":[{"@type":"ReadAction","target":["https:\/\/www.trendkids.de\/blog\/320\/start-der-2-staffel-jake-und-die-nimmerland-piraten-auf-disney-junior\/"]}]},{"@type":"ImageObject","inLanguage":"de","@id":"https:\/\/www.trendkids.de\/blog\/320\/start-der-2-staffel-jake-und-die-nimmerland-piraten-auf-disney-junior\/#primaryimage","url":"http:\/\/www.trend-kids.de\/blog\/wp-content\/Logo_Disney-Junior-1.jpg","contentUrl":"http:\/\/www.trend-kids.de\/blog\/wp-content\/Logo_Disney-Junior-1.jpg"},{"@type":"BreadcrumbList","@id":"https:\/\/www.trendkids.de\/blog\/320\/start-der-2-staffel-jake-und-die-nimmerland-piraten-auf-disney-junior\/#breadcrumb","itemListElement":[{"@type":"ListItem","position":1,"name":"Startseite","item":"https:\/\/www.trendkids.de\/blog\/"},{"@type":"ListItem","position":2,"name":"Start der 2. Staffel Jake und die Nimmerland Piraten auf Disney Junior"}]},{"@type":"WebSite","@id":"https:\/\/www.trendkids.de\/blog\/#website","url":"https:\/\/www.trendkids.de\/blog\/","name":"on the blog","description":"m\u00fctter, kinder und mode im trend der zeit","potentialAction":[{"@type":"SearchAction","target":{"@type":"EntryPoint","urlTemplate":"https:\/\/www.trendkids.de\/blog\/?s={search_term_string}"},"query-input":{"@type":"PropertyValueSpecification","valueRequired":true,"valueName":"search_term_string"}}],"inLanguage":"de"},{"@type":"Person","@id":"https:\/\/www.trendkids.de\/blog\/#\/schema\/person\/6d1ee9516d52048ed7426ee801b02723","name":"Monika","image":{"@type":"ImageObject","inLanguage":"de","@id":"https:\/\/www.trendkids.de\/blog\/#\/schema\/person\/image\/","url":"https:\/\/secure.gravatar.com\/avatar\/74a4dbf191f922a99a3888eb98fbce00c02d3923345226f6b98a304d7eac3d8d?s=96&d=mm&r=g","contentUrl":"https:\/\/secure.gravatar.com\/avatar\/74a4dbf191f922a99a3888eb98fbce00c02d3923345226f6b98a304d7eac3d8d?s=96&d=mm&r=g","caption":"Monika"},"sameAs":["http:\/\/www.trendkids.de\/"],"url":"https:\/\/www.trendkids.de\/blog\/author\/moni\/"}]}},"_links":{"self":[{"href":"https:\/\/www.trendkids.de\/blog\/wp-json\/wp\/v2\/posts\/320","targetHints":{"allow":["GET"]}}],"collection":[{"href":"https:\/\/www.trendkids.de\/blog\/wp-json\/wp\/v2\/posts"}],"about":[{"href":"https:\/\/www.trendkids.de\/blog\/wp-json\/wp\/v2\/types\/post"}],"author":[{"embeddable":true,"href":"https:\/\/www.trendkids.de\/blog\/wp-json\/wp\/v2\/users\/2"}],"replies":[{"embeddable":true,"href":"https:\/\/www.trendkids.de\/blog\/wp-json\/wp\/v2\/comments?post=320"}],"version-history":[{"count":0,"href":"https:\/\/www.trendkids.de\/blog\/wp-json\/wp\/v2\/posts\/320\/revisions"}],"wp:attachment":[{"href":"https:\/\/www.trendkids.de\/blog\/wp-json\/wp\/v2\/media?parent=320"}],"wp:term":[{"taxonomy":"category","embeddable":true,"href":"https:\/\/www.trendkids.de\/blog\/wp-json\/wp\/v2\/categories?post=320"},{"taxonomy":"post_tag","embeddable":true,"href":"https:\/\/www.trendkids.de\/blog\/wp-json\/wp\/v2\/tags?post=320"}],"curies":[{"name":"wp","href":"https:\/\/api.w.org\/{rel}","templated":true}]}}