{"id":32,"date":"2007-04-22T01:07:23","date_gmt":"2007-04-21T23:07:23","guid":{"rendered":"http:\/\/www.trend-kids.de\/blog\/32\/und-noch-mehr-detail-bilder-zu-unserer-taufkollektion\/"},"modified":"2007-07-24T02:11:58","modified_gmt":"2007-07-24T00:11:58","slug":"und-noch-mehr-detail-bilder-zu-unserer-taufkollektion","status":"publish","type":"post","link":"https:\/\/www.trendkids.de\/blog\/32\/und-noch-mehr-detail-bilder-zu-unserer-taufkollektion\/","title":{"rendered":"&#8230; und noch mehr Detail-Bilder zu unserer Taufbekleidung"},"content":{"rendered":"<p>Da wir in unseren Shop immer nur eine begrenzte Anzahl an Bilder hochladen k\u00f6nnen, m\u00f6chten wir Ihnen aber einige weitere Detailbilder unserer <a href=\"http:\/\/www.trend-kids.de\/shop\/cats.php?nr=22\">Taufbekleidung<\/a> nicht vorenthalten. Bilder sagen einfach mehr, als jede noch so gute Artikelbeschreibung. Daher hier eine kleine Auswahl<\/p>\n<p><strong>Details zu Taufkleid Modell: Victoria<\/strong><br \/>\n<img decoding=\"async\" title=\"Taufe\" alt=\"Taufe\" src=\"http:\/\/www.trend-kids.de\/bildmaterial\/taufe\/modellvictoria-480.jpg\" \/><\/p>\n<p>Modell: Victoria, Brustbereich<br \/>\n<img decoding=\"async\" title=\"Taufe\" alt=\"Taufe\" src=\"http:\/\/www.trend-kids.de\/bildmaterial\/taufe\/victoriarued-480.jpg\" \/><\/p>\n<p>Modell: Victoria, Oberstoff aus Spitze<br \/>\n<img decoding=\"async\" title=\"Taufe\" alt=\"Taufe\" src=\"http:\/\/www.trend-kids.de\/bildmaterial\/taufe\/victoriad-480.jpg\" \/><\/p>\n<p><strong>Detail zu Taufkleid Modell: Luise<\/strong><br \/>\n<img decoding=\"async\" title=\"Taufe\" alt=\"Taufe\" src=\"http:\/\/www.trend-kids.de\/bildmaterial\/taufe\/modellluise-480.jpg\" \/><\/p>\n<p>Modell: Luise, Satinr\u00f6schen und Kellerfalten<br \/>\n<img decoding=\"async\" title=\"Taufe\" alt=\"Taufe\" src=\"http:\/\/www.trend-kids.de\/bildmaterial\/taufe\/luiseroes-480.jpg\" \/><\/p>\n<p>Modell: Luise, Saumabschlu\u00df mit gekr\u00e4uselter R\u00fcsche<br \/>\n<img decoding=\"async\" title=\"Taufe\" alt=\"Taufe\" src=\"http:\/\/www.trend-kids.de\/bildmaterial\/taufe\/luised-480.jpg\" \/><\/p>\n<p><strong>Detail zu Taufanzug Modell: Robin<\/strong><br \/>\n<img decoding=\"async\" title=\"Taufe\" alt=\"Taufe\" src=\"http:\/\/www.trend-kids.de\/bildmaterial\/taufe\/modellrobin-480.jpg\" \/><\/p>\n<p>Modell: Robin, Satinschleifen und Kellerfalten<br \/>\n<img decoding=\"async\" title=\"Taufe\" alt=\"Taufe\" src=\"http:\/\/www.trend-kids.de\/bildmaterial\/taufe\/robind-480.jpg\" \/><\/p>\n<p><strong>Detail zu Taufanzug Modell: Marc<\/strong><br \/>\n<img decoding=\"async\" title=\"Taufe\" alt=\"Taufe\" src=\"http:\/\/www.trend-kids.de\/bildmaterial\/taufe\/modellmarcD-480.jpg\" \/><\/p>\n<p>Modell: Marc, Beinabschlu\u00df mit Satinstreifen in marine<br \/>\n<img decoding=\"async\" title=\"Taufe\" alt=\"Taufe\" src=\"http:\/\/www.trend-kids.de\/bildmaterial\/taufe\/marc-hosed-480.jpg\" \/><\/p>\n<p>Modell: Marc, Matrosenkragen mit Satinstreifen in marine<br \/>\n<img decoding=\"async\" title=\"Taufe\" alt=\"Taufe\" src=\"http:\/\/www.trend-kids.de\/bildmaterial\/taufe\/marc-kragend-480.jpg\" \/><\/p>\n<p>Modell: Marc, Ballonm\u00fctze<br \/>\n<img decoding=\"async\" title=\"Taufe\" alt=\"Taufe\" src=\"http:\/\/www.trend-kids.de\/bildmaterial\/taufe\/marc-muetzed-480.jpg\" \/><\/p>\n<p><strong>Detail zu Taufm\u00fctze Modell: Luca<\/strong><br \/>\npassend u.a. zu Anzug Modell Robin und Taufkleid Modell Luise<br \/>\n<img decoding=\"async\" title=\"Taufe\" alt=\"Taufe\" src=\"http:\/\/www.trend-kids.de\/bildmaterial\/taufe\/lucamuetzte-480.jpg\" \/><\/p>\n<p>Modell: Luca, Material-Detail<br \/>\n<img decoding=\"async\" title=\"Taufe\" alt=\"Taufe\" src=\"http:\/\/www.trend-kids.de\/bildmaterial\/taufe\/lucamuetzed-480.jpg\" \/><\/p>\n<p><strong>Detail zu Taufm\u00fctze Modell: Louis<\/strong><br \/>\npassend u.a. zu Taufkleid Modell Victoria<br \/>\n<img decoding=\"async\" title=\"Taufe\" alt=\"Taufe\" src=\"http:\/\/www.trend-kids.de\/bildmaterial\/taufe\/louismuetzte-480.jpg\" \/><\/p>\n<p>Modell: Louis, Material-Detail<br \/>\n<img decoding=\"async\" title=\"Taufe\" alt=\"Taufe\" src=\"http:\/\/www.trend-kids.de\/bildmaterial\/taufe\/louismuetzed-480.jpg\" \/><\/p>\n<p>Auf Wunsch senden wir Ihnen gerne weitere Detailbilder oder erg\u00e4nzende Angaben zu den Ma\u00dfen der Kleidung zu . Eine kurze E-Mail mit Ihren W\u00fcnschen gen\u00fcgt.<\/p>\n<p>Und wie nicht anders zu erwarten, man kann in unserem Shop solch ein schickes <a href=\"http:\/\/www.trend-kids.de\/shop\/items.php?nr=160\">Taufkleid<\/a> sogar k\u00e4uflich erwerben \ud83d\ude42<\/p>\n<p>Ihr Trend-Kids Team<br \/>\nKarin Dammann &#038; Monika Steffens<\/p>\n","protected":false},"excerpt":{"rendered":"<p>Da wir in unseren Shop immer nur eine begrenzte Anzahl an Bilder hochladen k\u00f6nnen, m\u00f6chten wir Ihnen aber einige weitere Detailbilder unserer Taufbekleidung nicht vorenthalten. Bilder sagen einfach mehr, als jede noch so gute Artikelbeschreibung. Daher hier eine kleine Auswahl Details zu Taufkleid Modell: Victoria Modell: Victoria, Brustbereich Modell: Victoria, Oberstoff aus Spitze Detail zu &#8230; <a title=\"&#8230; und noch mehr Detail-Bilder zu unserer Taufbekleidung\" class=\"read-more\" href=\"https:\/\/www.trendkids.de\/blog\/32\/und-noch-mehr-detail-bilder-zu-unserer-taufkollektion\/\">Weiterlesen &#8230;<\/a><\/p>\n","protected":false},"author":2,"featured_media":0,"comment_status":"open","ping_status":"open","sticky":false,"template":"","format":"standard","meta":{"generate_page_header":"","footnotes":""},"categories":[1,2],"tags":[],"class_list":["post-32","post","type-post","status-publish","format-standard","hentry","category-allgemein","category-shop"],"yoast_head":"<!-- This site is optimized with the Yoast SEO plugin v24.8.1 - https:\/\/yoast.com\/wordpress\/plugins\/seo\/ -->\n<title>... und noch mehr Detail-Bilder zu unserer Taufbekleidung  - on the blog<\/title>\n<meta name=\"robots\" content=\"index, follow, max-snippet:-1, max-image-preview:large, max-video-preview:-1\" \/>\n<link rel=\"canonical\" href=\"https:\/\/www.trendkids.de\/blog\/32\/und-noch-mehr-detail-bilder-zu-unserer-taufkollektion\/\" \/>\n<meta property=\"og:locale\" content=\"de_DE\" \/>\n<meta property=\"og:type\" content=\"article\" \/>\n<meta property=\"og:title\" content=\"... und noch mehr Detail-Bilder zu unserer Taufbekleidung  - on the blog\" \/>\n<meta property=\"og:description\" content=\"Da wir in unseren Shop immer nur eine begrenzte Anzahl an Bilder hochladen k\u00f6nnen, m\u00f6chten wir Ihnen aber einige weitere Detailbilder unserer Taufbekleidung nicht vorenthalten. Bilder sagen einfach mehr, als jede noch so gute Artikelbeschreibung. Daher hier eine kleine Auswahl Details zu Taufkleid Modell: Victoria Modell: Victoria, Brustbereich Modell: Victoria, Oberstoff aus Spitze Detail zu ... Weiterlesen ...\" \/>\n<meta property=\"og:url\" content=\"https:\/\/www.trendkids.de\/blog\/32\/und-noch-mehr-detail-bilder-zu-unserer-taufkollektion\/\" \/>\n<meta property=\"og:site_name\" content=\"on the blog\" \/>\n<meta property=\"article:published_time\" content=\"2007-04-21T23:07:23+00:00\" \/>\n<meta property=\"article:modified_time\" content=\"2007-07-24T00:11:58+00:00\" \/>\n<meta property=\"og:image\" content=\"http:\/\/www.trend-kids.de\/bildmaterial\/taufe\/modellvictoria-480.jpg\" \/>\n<meta name=\"author\" content=\"Monika\" \/>\n<meta name=\"twitter:label1\" content=\"Verfasst von\" \/>\n\t<meta name=\"twitter:data1\" content=\"Monika\" \/>\n\t<meta name=\"twitter:label2\" content=\"Gesch\u00e4tzte Lesezeit\" \/>\n\t<meta name=\"twitter:data2\" content=\"1\u00a0Minute\" \/>\n<script type=\"application\/ld+json\" class=\"yoast-schema-graph\">{\"@context\":\"https:\/\/schema.org\",\"@graph\":[{\"@type\":\"WebPage\",\"@id\":\"https:\/\/www.trendkids.de\/blog\/32\/und-noch-mehr-detail-bilder-zu-unserer-taufkollektion\/\",\"url\":\"https:\/\/www.trendkids.de\/blog\/32\/und-noch-mehr-detail-bilder-zu-unserer-taufkollektion\/\",\"name\":\"... und noch mehr Detail-Bilder zu unserer Taufbekleidung - on the blog\",\"isPartOf\":{\"@id\":\"https:\/\/www.trendkids.de\/blog\/#website\"},\"primaryImageOfPage\":{\"@id\":\"https:\/\/www.trendkids.de\/blog\/32\/und-noch-mehr-detail-bilder-zu-unserer-taufkollektion\/#primaryimage\"},\"image\":{\"@id\":\"https:\/\/www.trendkids.de\/blog\/32\/und-noch-mehr-detail-bilder-zu-unserer-taufkollektion\/#primaryimage\"},\"thumbnailUrl\":\"http:\/\/www.trend-kids.de\/bildmaterial\/taufe\/modellvictoria-480.jpg\",\"datePublished\":\"2007-04-21T23:07:23+00:00\",\"dateModified\":\"2007-07-24T00:11:58+00:00\",\"author\":{\"@id\":\"https:\/\/www.trendkids.de\/blog\/#\/schema\/person\/6d1ee9516d52048ed7426ee801b02723\"},\"breadcrumb\":{\"@id\":\"https:\/\/www.trendkids.de\/blog\/32\/und-noch-mehr-detail-bilder-zu-unserer-taufkollektion\/#breadcrumb\"},\"inLanguage\":\"de\",\"potentialAction\":[{\"@type\":\"ReadAction\",\"target\":[\"https:\/\/www.trendkids.de\/blog\/32\/und-noch-mehr-detail-bilder-zu-unserer-taufkollektion\/\"]}]},{\"@type\":\"ImageObject\",\"inLanguage\":\"de\",\"@id\":\"https:\/\/www.trendkids.de\/blog\/32\/und-noch-mehr-detail-bilder-zu-unserer-taufkollektion\/#primaryimage\",\"url\":\"http:\/\/www.trend-kids.de\/bildmaterial\/taufe\/modellvictoria-480.jpg\",\"contentUrl\":\"http:\/\/www.trend-kids.de\/bildmaterial\/taufe\/modellvictoria-480.jpg\"},{\"@type\":\"BreadcrumbList\",\"@id\":\"https:\/\/www.trendkids.de\/blog\/32\/und-noch-mehr-detail-bilder-zu-unserer-taufkollektion\/#breadcrumb\",\"itemListElement\":[{\"@type\":\"ListItem\",\"position\":1,\"name\":\"Startseite\",\"item\":\"https:\/\/www.trendkids.de\/blog\/\"},{\"@type\":\"ListItem\",\"position\":2,\"name\":\"&#8230; und noch mehr Detail-Bilder zu unserer Taufbekleidung\"}]},{\"@type\":\"WebSite\",\"@id\":\"https:\/\/www.trendkids.de\/blog\/#website\",\"url\":\"https:\/\/www.trendkids.de\/blog\/\",\"name\":\"on the blog\",\"description\":\"m\u00fctter, kinder und mode im trend der zeit\",\"potentialAction\":[{\"@type\":\"SearchAction\",\"target\":{\"@type\":\"EntryPoint\",\"urlTemplate\":\"https:\/\/www.trendkids.de\/blog\/?s={search_term_string}\"},\"query-input\":{\"@type\":\"PropertyValueSpecification\",\"valueRequired\":true,\"valueName\":\"search_term_string\"}}],\"inLanguage\":\"de\"},{\"@type\":\"Person\",\"@id\":\"https:\/\/www.trendkids.de\/blog\/#\/schema\/person\/6d1ee9516d52048ed7426ee801b02723\",\"name\":\"Monika\",\"image\":{\"@type\":\"ImageObject\",\"inLanguage\":\"de\",\"@id\":\"https:\/\/www.trendkids.de\/blog\/#\/schema\/person\/image\/\",\"url\":\"https:\/\/secure.gravatar.com\/avatar\/74a4dbf191f922a99a3888eb98fbce00c02d3923345226f6b98a304d7eac3d8d?s=96&d=mm&r=g\",\"contentUrl\":\"https:\/\/secure.gravatar.com\/avatar\/74a4dbf191f922a99a3888eb98fbce00c02d3923345226f6b98a304d7eac3d8d?s=96&d=mm&r=g\",\"caption\":\"Monika\"},\"sameAs\":[\"http:\/\/www.trendkids.de\/\"],\"url\":\"https:\/\/www.trendkids.de\/blog\/author\/moni\/\"}]}<\/script>\n<!-- \/ Yoast SEO plugin. -->","yoast_head_json":{"title":"... und noch mehr Detail-Bilder zu unserer Taufbekleidung  - on the blog","robots":{"index":"index","follow":"follow","max-snippet":"max-snippet:-1","max-image-preview":"max-image-preview:large","max-video-preview":"max-video-preview:-1"},"canonical":"https:\/\/www.trendkids.de\/blog\/32\/und-noch-mehr-detail-bilder-zu-unserer-taufkollektion\/","og_locale":"de_DE","og_type":"article","og_title":"... und noch mehr Detail-Bilder zu unserer Taufbekleidung  - on the blog","og_description":"Da wir in unseren Shop immer nur eine begrenzte Anzahl an Bilder hochladen k\u00f6nnen, m\u00f6chten wir Ihnen aber einige weitere Detailbilder unserer Taufbekleidung nicht vorenthalten. Bilder sagen einfach mehr, als jede noch so gute Artikelbeschreibung. Daher hier eine kleine Auswahl Details zu Taufkleid Modell: Victoria Modell: Victoria, Brustbereich Modell: Victoria, Oberstoff aus Spitze Detail zu ... Weiterlesen ...","og_url":"https:\/\/www.trendkids.de\/blog\/32\/und-noch-mehr-detail-bilder-zu-unserer-taufkollektion\/","og_site_name":"on the blog","article_published_time":"2007-04-21T23:07:23+00:00","article_modified_time":"2007-07-24T00:11:58+00:00","og_image":[{"url":"http:\/\/www.trend-kids.de\/bildmaterial\/taufe\/modellvictoria-480.jpg","type":"","width":"","height":""}],"author":"Monika","twitter_misc":{"Verfasst von":"Monika","Gesch\u00e4tzte Lesezeit":"1\u00a0Minute"},"schema":{"@context":"https:\/\/schema.org","@graph":[{"@type":"WebPage","@id":"https:\/\/www.trendkids.de\/blog\/32\/und-noch-mehr-detail-bilder-zu-unserer-taufkollektion\/","url":"https:\/\/www.trendkids.de\/blog\/32\/und-noch-mehr-detail-bilder-zu-unserer-taufkollektion\/","name":"... und noch mehr Detail-Bilder zu unserer Taufbekleidung - on the blog","isPartOf":{"@id":"https:\/\/www.trendkids.de\/blog\/#website"},"primaryImageOfPage":{"@id":"https:\/\/www.trendkids.de\/blog\/32\/und-noch-mehr-detail-bilder-zu-unserer-taufkollektion\/#primaryimage"},"image":{"@id":"https:\/\/www.trendkids.de\/blog\/32\/und-noch-mehr-detail-bilder-zu-unserer-taufkollektion\/#primaryimage"},"thumbnailUrl":"http:\/\/www.trend-kids.de\/bildmaterial\/taufe\/modellvictoria-480.jpg","datePublished":"2007-04-21T23:07:23+00:00","dateModified":"2007-07-24T00:11:58+00:00","author":{"@id":"https:\/\/www.trendkids.de\/blog\/#\/schema\/person\/6d1ee9516d52048ed7426ee801b02723"},"breadcrumb":{"@id":"https:\/\/www.trendkids.de\/blog\/32\/und-noch-mehr-detail-bilder-zu-unserer-taufkollektion\/#breadcrumb"},"inLanguage":"de","potentialAction":[{"@type":"ReadAction","target":["https:\/\/www.trendkids.de\/blog\/32\/und-noch-mehr-detail-bilder-zu-unserer-taufkollektion\/"]}]},{"@type":"ImageObject","inLanguage":"de","@id":"https:\/\/www.trendkids.de\/blog\/32\/und-noch-mehr-detail-bilder-zu-unserer-taufkollektion\/#primaryimage","url":"http:\/\/www.trend-kids.de\/bildmaterial\/taufe\/modellvictoria-480.jpg","contentUrl":"http:\/\/www.trend-kids.de\/bildmaterial\/taufe\/modellvictoria-480.jpg"},{"@type":"BreadcrumbList","@id":"https:\/\/www.trendkids.de\/blog\/32\/und-noch-mehr-detail-bilder-zu-unserer-taufkollektion\/#breadcrumb","itemListElement":[{"@type":"ListItem","position":1,"name":"Startseite","item":"https:\/\/www.trendkids.de\/blog\/"},{"@type":"ListItem","position":2,"name":"&#8230; und noch mehr Detail-Bilder zu unserer Taufbekleidung"}]},{"@type":"WebSite","@id":"https:\/\/www.trendkids.de\/blog\/#website","url":"https:\/\/www.trendkids.de\/blog\/","name":"on the blog","description":"m\u00fctter, kinder und mode im trend der zeit","potentialAction":[{"@type":"SearchAction","target":{"@type":"EntryPoint","urlTemplate":"https:\/\/www.trendkids.de\/blog\/?s={search_term_string}"},"query-input":{"@type":"PropertyValueSpecification","valueRequired":true,"valueName":"search_term_string"}}],"inLanguage":"de"},{"@type":"Person","@id":"https:\/\/www.trendkids.de\/blog\/#\/schema\/person\/6d1ee9516d52048ed7426ee801b02723","name":"Monika","image":{"@type":"ImageObject","inLanguage":"de","@id":"https:\/\/www.trendkids.de\/blog\/#\/schema\/person\/image\/","url":"https:\/\/secure.gravatar.com\/avatar\/74a4dbf191f922a99a3888eb98fbce00c02d3923345226f6b98a304d7eac3d8d?s=96&d=mm&r=g","contentUrl":"https:\/\/secure.gravatar.com\/avatar\/74a4dbf191f922a99a3888eb98fbce00c02d3923345226f6b98a304d7eac3d8d?s=96&d=mm&r=g","caption":"Monika"},"sameAs":["http:\/\/www.trendkids.de\/"],"url":"https:\/\/www.trendkids.de\/blog\/author\/moni\/"}]}},"_links":{"self":[{"href":"https:\/\/www.trendkids.de\/blog\/wp-json\/wp\/v2\/posts\/32","targetHints":{"allow":["GET"]}}],"collection":[{"href":"https:\/\/www.trendkids.de\/blog\/wp-json\/wp\/v2\/posts"}],"about":[{"href":"https:\/\/www.trendkids.de\/blog\/wp-json\/wp\/v2\/types\/post"}],"author":[{"embeddable":true,"href":"https:\/\/www.trendkids.de\/blog\/wp-json\/wp\/v2\/users\/2"}],"replies":[{"embeddable":true,"href":"https:\/\/www.trendkids.de\/blog\/wp-json\/wp\/v2\/comments?post=32"}],"version-history":[{"count":0,"href":"https:\/\/www.trendkids.de\/blog\/wp-json\/wp\/v2\/posts\/32\/revisions"}],"wp:attachment":[{"href":"https:\/\/www.trendkids.de\/blog\/wp-json\/wp\/v2\/media?parent=32"}],"wp:term":[{"taxonomy":"category","embeddable":true,"href":"https:\/\/www.trendkids.de\/blog\/wp-json\/wp\/v2\/categories?post=32"},{"taxonomy":"post_tag","embeddable":true,"href":"https:\/\/www.trendkids.de\/blog\/wp-json\/wp\/v2\/tags?post=32"}],"curies":[{"name":"wp","href":"https:\/\/api.w.org\/{rel}","templated":true}]}}