{"id":205,"date":"2011-07-15T14:03:55","date_gmt":"2011-07-15T14:03:55","guid":{"rendered":"http:\/\/www.trend-kids.de\/blog\/?p=205"},"modified":"2011-07-15T14:04:52","modified_gmt":"2011-07-15T14:04:52","slug":"aktuelle-bilder-zu-den-neuen-kinder-softshell-jacken-2011-von-elka-rainwear","status":"publish","type":"post","link":"https:\/\/www.trendkids.de\/blog\/205\/aktuelle-bilder-zu-den-neuen-kinder-softshell-jacken-2011-von-elka-rainwear\/","title":{"rendered":"aktuelle Bilder zu den neuen Kinder Softshell Jacken 2011 von Elka Rainwear"},"content":{"rendered":"<p><div id='gallery-1' class='gallery galleryid-205 gallery-columns-3 gallery-size-thumbnail'><figure class='gallery-item'>\n\t\t\t<div class='gallery-icon portrait'>\n\t\t\t\t<a href='https:\/\/www.trendkids.de\/blog\/205\/aktuelle-bilder-zu-den-neuen-kinder-softshell-jacken-2011-von-elka-rainwear\/blue-sea-charcoal\/#main'><img decoding=\"async\" width=\"150\" height=\"150\" src=\"https:\/\/www.trendkids.de\/blog\/wp-content\/uploads\/Blue-Sea-Charcoal-150x150.jpg\" class=\"attachment-thumbnail size-thumbnail\" alt=\"\" aria-describedby=\"gallery-1-206\" \/><\/a>\n\t\t\t<\/div>\n\t\t\t\t<figcaption class='wp-caption-text gallery-caption' id='gallery-1-206'>\n\t\t\t\tSoftshelljacke Blue Sea Charcoal\n\t\t\t\t<\/figcaption><\/figure><figure class='gallery-item'>\n\t\t\t<div class='gallery-icon portrait'>\n\t\t\t\t<a href='https:\/\/www.trendkids.de\/blog\/205\/aktuelle-bilder-zu-den-neuen-kinder-softshell-jacken-2011-von-elka-rainwear\/gray-checks\/#main'><img decoding=\"async\" width=\"150\" height=\"150\" src=\"https:\/\/www.trendkids.de\/blog\/wp-content\/uploads\/Gray-Checks-150x150.jpg\" class=\"attachment-thumbnail size-thumbnail\" alt=\"\" aria-describedby=\"gallery-1-207\" \/><\/a>\n\t\t\t<\/div>\n\t\t\t\t<figcaption class='wp-caption-text gallery-caption' id='gallery-1-207'>\n\t\t\t\tKinder-Softshelljacke Gray Checks\n\t\t\t\t<\/figcaption><\/figure><figure class='gallery-item'>\n\t\t\t<div class='gallery-icon portrait'>\n\t\t\t\t<a href='https:\/\/www.trendkids.de\/blog\/205\/aktuelle-bilder-zu-den-neuen-kinder-softshell-jacken-2011-von-elka-rainwear\/hot-rose\/#main'><img decoding=\"async\" width=\"150\" height=\"150\" src=\"https:\/\/www.trendkids.de\/blog\/wp-content\/uploads\/Hot-Rose-150x150.jpg\" class=\"attachment-thumbnail size-thumbnail\" alt=\"\" aria-describedby=\"gallery-1-208\" \/><\/a>\n\t\t\t<\/div>\n\t\t\t\t<figcaption class='wp-caption-text gallery-caption' id='gallery-1-208'>\n\t\t\t\tSoftshelljacke Hot Rose\n\t\t\t\t<\/figcaption><\/figure><figure class='gallery-item'>\n\t\t\t<div class='gallery-icon portrait'>\n\t\t\t\t<a href='https:\/\/www.trendkids.de\/blog\/205\/aktuelle-bilder-zu-den-neuen-kinder-softshell-jacken-2011-von-elka-rainwear\/hot-rose-gray-checks\/#main'><img decoding=\"async\" width=\"150\" height=\"150\" src=\"https:\/\/www.trendkids.de\/blog\/wp-content\/uploads\/Hot-Rose-Gray-Checks-150x150.jpg\" class=\"attachment-thumbnail size-thumbnail\" alt=\"\" aria-describedby=\"gallery-1-209\" \/><\/a>\n\t\t\t<\/div>\n\t\t\t\t<figcaption class='wp-caption-text gallery-caption' id='gallery-1-209'>\n\t\t\t\tKinder Softshell Jacken Hot Rose-Gray Checks\n\t\t\t\t<\/figcaption><\/figure><figure class='gallery-item'>\n\t\t\t<div class='gallery-icon portrait'>\n\t\t\t\t<a href='https:\/\/www.trendkids.de\/blog\/205\/aktuelle-bilder-zu-den-neuen-kinder-softshell-jacken-2011-von-elka-rainwear\/ocean-blue\/#main'><img decoding=\"async\" width=\"150\" height=\"150\" src=\"https:\/\/www.trendkids.de\/blog\/wp-content\/uploads\/Ocean-Blue-150x150.jpg\" class=\"attachment-thumbnail size-thumbnail\" alt=\"\" aria-describedby=\"gallery-1-210\" \/><\/a>\n\t\t\t<\/div>\n\t\t\t\t<figcaption class='wp-caption-text gallery-caption' id='gallery-1-210'>\n\t\t\t\tKinder-Softshelljacke Ocean Blue\n\t\t\t\t<\/figcaption><\/figure><figure class='gallery-item'>\n\t\t\t<div class='gallery-icon portrait'>\n\t\t\t\t<a href='https:\/\/www.trendkids.de\/blog\/205\/aktuelle-bilder-zu-den-neuen-kinder-softshell-jacken-2011-von-elka-rainwear\/purple-checks\/#main'><img decoding=\"async\" width=\"150\" height=\"150\" src=\"https:\/\/www.trendkids.de\/blog\/wp-content\/uploads\/Purple-Checks-150x150.jpg\" class=\"attachment-thumbnail size-thumbnail\" alt=\"\" aria-describedby=\"gallery-1-211\" \/><\/a>\n\t\t\t<\/div>\n\t\t\t\t<figcaption class='wp-caption-text gallery-caption' id='gallery-1-211'>\n\t\t\t\tKinder Softshelljacke Purple Checks\n\t\t\t\t<\/figcaption><\/figure>\n\t\t<\/div>\nNach dem Motto &#8222;Bilder sagen mehr als 1000 Worte&#8220; pr\u00e4sentieren wir Ihnen vorab schon einmal die aktuellen Fotos zur neuen Softshell Kollektion f\u00fcr Kinder von Elka Rainwear aus D\u00e4nemark. Wie auch bei der PU-Regenkleidung erwarten wir die Lieferung zu Mitte August 2011. Seien Sie gespannt!! Und wer schon Fragen!! Einfach mailen oder anufen!!  <\/p>\n<p><strong>\u201ePurple Checks\u201c<\/strong> lieferbar in den Gr\u00f6\u00dfen 80-86-92-98-104-116-128-140-152-164<br \/>\n<strong>\u201eHot Rose\u201c <\/strong> lieferbar in den Gr\u00f6\u00dfen 80-86-92-98-104<br \/>\n<strong>\u201eGray Checks\u201c<\/strong> lieferbar in den Gr\u00f6\u00dfen 80-86-92-98-104-116-128-140-152-164<br \/>\n<strong>\u201eBlue Sea Charcoal\u201c <\/strong> lieferbar in den Gr\u00f6\u00dfen 98-104-116-128-140<br \/>\n<strong> \u201eOcean Blue\u201c <\/strong> lieferbar in den Gr\u00f6\u00dfen 80-86-92-98-104-116-128<\/p>\n","protected":false},"excerpt":{"rendered":"<p>Nach dem Motto &#8222;Bilder sagen mehr als 1000 Worte&#8220; pr\u00e4sentieren wir Ihnen vorab schon einmal die aktuellen Fotos zur neuen Softshell Kollektion f\u00fcr Kinder von Elka Rainwear aus D\u00e4nemark. Wie auch bei der PU-Regenkleidung erwarten wir die Lieferung zu Mitte August 2011. Seien Sie gespannt!! Und wer schon Fragen!! Einfach mailen oder anufen!! \u201ePurple Checks\u201c &#8230; <a title=\"aktuelle Bilder zu den neuen Kinder Softshell Jacken 2011 von Elka Rainwear\" class=\"read-more\" href=\"https:\/\/www.trendkids.de\/blog\/205\/aktuelle-bilder-zu-den-neuen-kinder-softshell-jacken-2011-von-elka-rainwear\/\">Weiterlesen &#8230;<\/a><\/p>\n","protected":false},"author":2,"featured_media":0,"comment_status":"open","ping_status":"open","sticky":false,"template":"","format":"standard","meta":{"generate_page_header":"","footnotes":""},"categories":[1,2,13],"tags":[],"class_list":["post-205","post","type-post","status-publish","format-standard","hentry","category-allgemein","category-shop","category-trend-kids-news"],"yoast_head":"<!-- This site is optimized with the Yoast SEO plugin v24.8.1 - https:\/\/yoast.com\/wordpress\/plugins\/seo\/ -->\n<title>aktuelle Bilder zu den neuen Kinder Softshell Jacken 2011 von Elka Rainwear - on the blog<\/title>\n<meta name=\"robots\" content=\"index, follow, max-snippet:-1, max-image-preview:large, max-video-preview:-1\" \/>\n<link rel=\"canonical\" href=\"https:\/\/www.trendkids.de\/blog\/205\/aktuelle-bilder-zu-den-neuen-kinder-softshell-jacken-2011-von-elka-rainwear\/\" \/>\n<meta property=\"og:locale\" content=\"de_DE\" \/>\n<meta property=\"og:type\" content=\"article\" \/>\n<meta property=\"og:title\" content=\"aktuelle Bilder zu den neuen Kinder Softshell Jacken 2011 von Elka Rainwear - on the blog\" \/>\n<meta property=\"og:description\" content=\"Nach dem Motto &#8222;Bilder sagen mehr als 1000 Worte&#8220; pr\u00e4sentieren wir Ihnen vorab schon einmal die aktuellen Fotos zur neuen Softshell Kollektion f\u00fcr Kinder von Elka Rainwear aus D\u00e4nemark. Wie auch bei der PU-Regenkleidung erwarten wir die Lieferung zu Mitte August 2011. Seien Sie gespannt!! Und wer schon Fragen!! Einfach mailen oder anufen!! \u201ePurple Checks\u201c ... Weiterlesen ...\" \/>\n<meta property=\"og:url\" content=\"https:\/\/www.trendkids.de\/blog\/205\/aktuelle-bilder-zu-den-neuen-kinder-softshell-jacken-2011-von-elka-rainwear\/\" \/>\n<meta property=\"og:site_name\" content=\"on the blog\" \/>\n<meta property=\"article:published_time\" content=\"2011-07-15T14:03:55+00:00\" \/>\n<meta property=\"article:modified_time\" content=\"2011-07-15T14:04:52+00:00\" \/>\n<meta property=\"og:image\" content=\"https:\/\/www.trendkids.de\/blog\/wp-content\/uploads\/Blue-Sea-Charcoal-150x150.jpg\" \/>\n<meta name=\"author\" content=\"Monika\" \/>\n<meta name=\"twitter:label1\" content=\"Verfasst von\" \/>\n\t<meta name=\"twitter:data1\" content=\"Monika\" \/>\n\t<meta name=\"twitter:label2\" content=\"Gesch\u00e4tzte Lesezeit\" \/>\n\t<meta name=\"twitter:data2\" content=\"1\u00a0Minute\" \/>\n<script type=\"application\/ld+json\" class=\"yoast-schema-graph\">{\"@context\":\"https:\/\/schema.org\",\"@graph\":[{\"@type\":\"WebPage\",\"@id\":\"https:\/\/www.trendkids.de\/blog\/205\/aktuelle-bilder-zu-den-neuen-kinder-softshell-jacken-2011-von-elka-rainwear\/\",\"url\":\"https:\/\/www.trendkids.de\/blog\/205\/aktuelle-bilder-zu-den-neuen-kinder-softshell-jacken-2011-von-elka-rainwear\/\",\"name\":\"aktuelle Bilder zu den neuen Kinder Softshell Jacken 2011 von Elka Rainwear - on the blog\",\"isPartOf\":{\"@id\":\"https:\/\/www.trendkids.de\/blog\/#website\"},\"datePublished\":\"2011-07-15T14:03:55+00:00\",\"dateModified\":\"2011-07-15T14:04:52+00:00\",\"author\":{\"@id\":\"https:\/\/www.trendkids.de\/blog\/#\/schema\/person\/6d1ee9516d52048ed7426ee801b02723\"},\"breadcrumb\":{\"@id\":\"https:\/\/www.trendkids.de\/blog\/205\/aktuelle-bilder-zu-den-neuen-kinder-softshell-jacken-2011-von-elka-rainwear\/#breadcrumb\"},\"inLanguage\":\"de\",\"potentialAction\":[{\"@type\":\"ReadAction\",\"target\":[\"https:\/\/www.trendkids.de\/blog\/205\/aktuelle-bilder-zu-den-neuen-kinder-softshell-jacken-2011-von-elka-rainwear\/\"]}]},{\"@type\":\"BreadcrumbList\",\"@id\":\"https:\/\/www.trendkids.de\/blog\/205\/aktuelle-bilder-zu-den-neuen-kinder-softshell-jacken-2011-von-elka-rainwear\/#breadcrumb\",\"itemListElement\":[{\"@type\":\"ListItem\",\"position\":1,\"name\":\"Startseite\",\"item\":\"https:\/\/www.trendkids.de\/blog\/\"},{\"@type\":\"ListItem\",\"position\":2,\"name\":\"aktuelle Bilder zu den neuen Kinder Softshell Jacken 2011 von Elka Rainwear\"}]},{\"@type\":\"WebSite\",\"@id\":\"https:\/\/www.trendkids.de\/blog\/#website\",\"url\":\"https:\/\/www.trendkids.de\/blog\/\",\"name\":\"on the blog\",\"description\":\"m\u00fctter, kinder und mode im trend der zeit\",\"potentialAction\":[{\"@type\":\"SearchAction\",\"target\":{\"@type\":\"EntryPoint\",\"urlTemplate\":\"https:\/\/www.trendkids.de\/blog\/?s={search_term_string}\"},\"query-input\":{\"@type\":\"PropertyValueSpecification\",\"valueRequired\":true,\"valueName\":\"search_term_string\"}}],\"inLanguage\":\"de\"},{\"@type\":\"Person\",\"@id\":\"https:\/\/www.trendkids.de\/blog\/#\/schema\/person\/6d1ee9516d52048ed7426ee801b02723\",\"name\":\"Monika\",\"image\":{\"@type\":\"ImageObject\",\"inLanguage\":\"de\",\"@id\":\"https:\/\/www.trendkids.de\/blog\/#\/schema\/person\/image\/\",\"url\":\"https:\/\/secure.gravatar.com\/avatar\/74a4dbf191f922a99a3888eb98fbce00c02d3923345226f6b98a304d7eac3d8d?s=96&d=mm&r=g\",\"contentUrl\":\"https:\/\/secure.gravatar.com\/avatar\/74a4dbf191f922a99a3888eb98fbce00c02d3923345226f6b98a304d7eac3d8d?s=96&d=mm&r=g\",\"caption\":\"Monika\"},\"sameAs\":[\"http:\/\/www.trendkids.de\/\"],\"url\":\"https:\/\/www.trendkids.de\/blog\/author\/moni\/\"}]}<\/script>\n<!-- \/ Yoast SEO plugin. -->","yoast_head_json":{"title":"aktuelle Bilder zu den neuen Kinder Softshell Jacken 2011 von Elka Rainwear - on the blog","robots":{"index":"index","follow":"follow","max-snippet":"max-snippet:-1","max-image-preview":"max-image-preview:large","max-video-preview":"max-video-preview:-1"},"canonical":"https:\/\/www.trendkids.de\/blog\/205\/aktuelle-bilder-zu-den-neuen-kinder-softshell-jacken-2011-von-elka-rainwear\/","og_locale":"de_DE","og_type":"article","og_title":"aktuelle Bilder zu den neuen Kinder Softshell Jacken 2011 von Elka Rainwear - on the blog","og_description":"Nach dem Motto &#8222;Bilder sagen mehr als 1000 Worte&#8220; pr\u00e4sentieren wir Ihnen vorab schon einmal die aktuellen Fotos zur neuen Softshell Kollektion f\u00fcr Kinder von Elka Rainwear aus D\u00e4nemark. Wie auch bei der PU-Regenkleidung erwarten wir die Lieferung zu Mitte August 2011. Seien Sie gespannt!! Und wer schon Fragen!! Einfach mailen oder anufen!! \u201ePurple Checks\u201c ... Weiterlesen ...","og_url":"https:\/\/www.trendkids.de\/blog\/205\/aktuelle-bilder-zu-den-neuen-kinder-softshell-jacken-2011-von-elka-rainwear\/","og_site_name":"on the blog","article_published_time":"2011-07-15T14:03:55+00:00","article_modified_time":"2011-07-15T14:04:52+00:00","og_image":[{"url":"https:\/\/www.trendkids.de\/blog\/wp-content\/uploads\/Blue-Sea-Charcoal-150x150.jpg","type":"","width":"","height":""}],"author":"Monika","twitter_misc":{"Verfasst von":"Monika","Gesch\u00e4tzte Lesezeit":"1\u00a0Minute"},"schema":{"@context":"https:\/\/schema.org","@graph":[{"@type":"WebPage","@id":"https:\/\/www.trendkids.de\/blog\/205\/aktuelle-bilder-zu-den-neuen-kinder-softshell-jacken-2011-von-elka-rainwear\/","url":"https:\/\/www.trendkids.de\/blog\/205\/aktuelle-bilder-zu-den-neuen-kinder-softshell-jacken-2011-von-elka-rainwear\/","name":"aktuelle Bilder zu den neuen Kinder Softshell Jacken 2011 von Elka Rainwear - on the blog","isPartOf":{"@id":"https:\/\/www.trendkids.de\/blog\/#website"},"datePublished":"2011-07-15T14:03:55+00:00","dateModified":"2011-07-15T14:04:52+00:00","author":{"@id":"https:\/\/www.trendkids.de\/blog\/#\/schema\/person\/6d1ee9516d52048ed7426ee801b02723"},"breadcrumb":{"@id":"https:\/\/www.trendkids.de\/blog\/205\/aktuelle-bilder-zu-den-neuen-kinder-softshell-jacken-2011-von-elka-rainwear\/#breadcrumb"},"inLanguage":"de","potentialAction":[{"@type":"ReadAction","target":["https:\/\/www.trendkids.de\/blog\/205\/aktuelle-bilder-zu-den-neuen-kinder-softshell-jacken-2011-von-elka-rainwear\/"]}]},{"@type":"BreadcrumbList","@id":"https:\/\/www.trendkids.de\/blog\/205\/aktuelle-bilder-zu-den-neuen-kinder-softshell-jacken-2011-von-elka-rainwear\/#breadcrumb","itemListElement":[{"@type":"ListItem","position":1,"name":"Startseite","item":"https:\/\/www.trendkids.de\/blog\/"},{"@type":"ListItem","position":2,"name":"aktuelle Bilder zu den neuen Kinder Softshell Jacken 2011 von Elka Rainwear"}]},{"@type":"WebSite","@id":"https:\/\/www.trendkids.de\/blog\/#website","url":"https:\/\/www.trendkids.de\/blog\/","name":"on the blog","description":"m\u00fctter, kinder und mode im trend der zeit","potentialAction":[{"@type":"SearchAction","target":{"@type":"EntryPoint","urlTemplate":"https:\/\/www.trendkids.de\/blog\/?s={search_term_string}"},"query-input":{"@type":"PropertyValueSpecification","valueRequired":true,"valueName":"search_term_string"}}],"inLanguage":"de"},{"@type":"Person","@id":"https:\/\/www.trendkids.de\/blog\/#\/schema\/person\/6d1ee9516d52048ed7426ee801b02723","name":"Monika","image":{"@type":"ImageObject","inLanguage":"de","@id":"https:\/\/www.trendkids.de\/blog\/#\/schema\/person\/image\/","url":"https:\/\/secure.gravatar.com\/avatar\/74a4dbf191f922a99a3888eb98fbce00c02d3923345226f6b98a304d7eac3d8d?s=96&d=mm&r=g","contentUrl":"https:\/\/secure.gravatar.com\/avatar\/74a4dbf191f922a99a3888eb98fbce00c02d3923345226f6b98a304d7eac3d8d?s=96&d=mm&r=g","caption":"Monika"},"sameAs":["http:\/\/www.trendkids.de\/"],"url":"https:\/\/www.trendkids.de\/blog\/author\/moni\/"}]}},"_links":{"self":[{"href":"https:\/\/www.trendkids.de\/blog\/wp-json\/wp\/v2\/posts\/205","targetHints":{"allow":["GET"]}}],"collection":[{"href":"https:\/\/www.trendkids.de\/blog\/wp-json\/wp\/v2\/posts"}],"about":[{"href":"https:\/\/www.trendkids.de\/blog\/wp-json\/wp\/v2\/types\/post"}],"author":[{"embeddable":true,"href":"https:\/\/www.trendkids.de\/blog\/wp-json\/wp\/v2\/users\/2"}],"replies":[{"embeddable":true,"href":"https:\/\/www.trendkids.de\/blog\/wp-json\/wp\/v2\/comments?post=205"}],"version-history":[{"count":0,"href":"https:\/\/www.trendkids.de\/blog\/wp-json\/wp\/v2\/posts\/205\/revisions"}],"wp:attachment":[{"href":"https:\/\/www.trendkids.de\/blog\/wp-json\/wp\/v2\/media?parent=205"}],"wp:term":[{"taxonomy":"category","embeddable":true,"href":"https:\/\/www.trendkids.de\/blog\/wp-json\/wp\/v2\/categories?post=205"},{"taxonomy":"post_tag","embeddable":true,"href":"https:\/\/www.trendkids.de\/blog\/wp-json\/wp\/v2\/tags?post=205"}],"curies":[{"name":"wp","href":"https:\/\/api.w.org\/{rel}","templated":true}]}}