{"id":20,"date":"2006-11-23T14:07:15","date_gmt":"2006-11-23T13:07:15","guid":{"rendered":"http:\/\/www.trend-kids.de\/blog\/?p=20"},"modified":"2006-11-23T14:07:15","modified_gmt":"2006-11-23T13:07:15","slug":"trend-kids-zuwachs-babypuppe-marc-ist-da","status":"publish","type":"post","link":"https:\/\/www.trendkids.de\/blog\/20\/trend-kids-zuwachs-babypuppe-marc-ist-da\/","title":{"rendered":"trend-kids Zuwachs &#8211; Babypuppe Marc ist da"},"content":{"rendered":"<p><img decoding=\"async\" src=\"\/bildmaterial\/marc4D-480.jpg\" alt=\"Marc\" \/><\/p>\n<p>Vielleicht ist Euch schon vor einiger Zeit aufgefallen, dass wir Zuwachs bekommen haben: unser trend-kids Team wird jetzt von \u201eMarc\u201c verst\u00e4rkt. \u201eMarc\u201c ist unsere neu erworbene Babypuppe, mit deren Hilfe wir unsere Babybekleidung ansprechender pr\u00e4sentieren wollen. <\/p>\n<p>Babykleidung so zu fotografieren, dass man sich als Kunde seinen kleinen Wonneproppen darin vorstellen kann, ist nicht immer einfach. Vor allem bei manchen Babym\u00fctzen bzw. Babyh\u00fcten bin ich doch einige Male an meine fotografischen Grenzen gesto\u00dfen (aus lauter Not musste dann manchmal ein Styroporteddy herhalten&#8230;). Aber dank unserem neuen Mitarbeiter sollen diese Schwierigkeiten wohl ein Ende haben. Zudem ist er wirklich ein angenehmer Kollege: meckert nicht, raucht nicht und ist sehr gen\u00fcgsam in puncto Platz und Verpflegung. Nur sehr unterhaltsam ist er leider nicht, aber man kann ja nicht alles haben&#8230;<\/p>\n<p><img decoding=\"async\" src=\"\/bildmaterial\/marc3-480.jpg\" alt=\"Marc\" \/><\/p>\n","protected":false},"excerpt":{"rendered":"<p>Vielleicht ist Euch schon vor einiger Zeit aufgefallen, dass wir Zuwachs bekommen haben: unser trend-kids Team wird jetzt von \u201eMarc\u201c verst\u00e4rkt. \u201eMarc\u201c ist unsere neu erworbene Babypuppe, mit deren Hilfe wir unsere Babybekleidung ansprechender pr\u00e4sentieren wollen. Babykleidung so zu fotografieren, dass man sich als Kunde seinen kleinen Wonneproppen darin vorstellen kann, ist nicht immer einfach. &#8230; <a title=\"trend-kids Zuwachs &#8211; Babypuppe Marc ist da\" class=\"read-more\" href=\"https:\/\/www.trendkids.de\/blog\/20\/trend-kids-zuwachs-babypuppe-marc-ist-da\/\">Weiterlesen &#8230;<\/a><\/p>\n","protected":false},"author":4,"featured_media":0,"comment_status":"open","ping_status":"open","sticky":false,"template":"","format":"standard","meta":{"generate_page_header":"","footnotes":""},"categories":[3,2],"tags":[],"class_list":["post-20","post","type-post","status-publish","format-standard","hentry","category-persoenlich","category-shop"],"yoast_head":"<!-- This site is optimized with the Yoast SEO plugin v24.8.1 - https:\/\/yoast.com\/wordpress\/plugins\/seo\/ -->\n<title>trend-kids Zuwachs - Babypuppe Marc ist da - on the blog<\/title>\n<meta name=\"robots\" content=\"index, follow, max-snippet:-1, max-image-preview:large, max-video-preview:-1\" \/>\n<link rel=\"canonical\" href=\"https:\/\/www.trendkids.de\/blog\/20\/trend-kids-zuwachs-babypuppe-marc-ist-da\/\" \/>\n<meta property=\"og:locale\" content=\"de_DE\" \/>\n<meta property=\"og:type\" content=\"article\" \/>\n<meta property=\"og:title\" content=\"trend-kids Zuwachs - Babypuppe Marc ist da - on the blog\" \/>\n<meta property=\"og:description\" content=\"Vielleicht ist Euch schon vor einiger Zeit aufgefallen, dass wir Zuwachs bekommen haben: unser trend-kids Team wird jetzt von \u201eMarc\u201c verst\u00e4rkt. \u201eMarc\u201c ist unsere neu erworbene Babypuppe, mit deren Hilfe wir unsere Babybekleidung ansprechender pr\u00e4sentieren wollen. Babykleidung so zu fotografieren, dass man sich als Kunde seinen kleinen Wonneproppen darin vorstellen kann, ist nicht immer einfach. ... Weiterlesen ...\" \/>\n<meta property=\"og:url\" content=\"https:\/\/www.trendkids.de\/blog\/20\/trend-kids-zuwachs-babypuppe-marc-ist-da\/\" \/>\n<meta property=\"og:site_name\" content=\"on the blog\" \/>\n<meta property=\"article:published_time\" content=\"2006-11-23T13:07:15+00:00\" \/>\n<meta property=\"og:image\" content=\"https:\/\/www.trendkids.de\/bildmaterial\/marc4D-480.jpg\" \/>\n<meta name=\"author\" content=\"Karin\" \/>\n<meta name=\"twitter:label1\" content=\"Verfasst von\" \/>\n\t<meta name=\"twitter:data1\" content=\"Karin\" \/>\n\t<meta name=\"twitter:label2\" content=\"Gesch\u00e4tzte Lesezeit\" \/>\n\t<meta name=\"twitter:data2\" content=\"1\u00a0Minute\" \/>\n<script type=\"application\/ld+json\" class=\"yoast-schema-graph\">{\"@context\":\"https:\/\/schema.org\",\"@graph\":[{\"@type\":\"WebPage\",\"@id\":\"https:\/\/www.trendkids.de\/blog\/20\/trend-kids-zuwachs-babypuppe-marc-ist-da\/\",\"url\":\"https:\/\/www.trendkids.de\/blog\/20\/trend-kids-zuwachs-babypuppe-marc-ist-da\/\",\"name\":\"trend-kids Zuwachs - Babypuppe Marc ist da - on the blog\",\"isPartOf\":{\"@id\":\"https:\/\/www.trendkids.de\/blog\/#website\"},\"datePublished\":\"2006-11-23T13:07:15+00:00\",\"author\":{\"@id\":\"https:\/\/www.trendkids.de\/blog\/#\/schema\/person\/92ed07b416d3b1bea72c647c91187a41\"},\"breadcrumb\":{\"@id\":\"https:\/\/www.trendkids.de\/blog\/20\/trend-kids-zuwachs-babypuppe-marc-ist-da\/#breadcrumb\"},\"inLanguage\":\"de\",\"potentialAction\":[{\"@type\":\"ReadAction\",\"target\":[\"https:\/\/www.trendkids.de\/blog\/20\/trend-kids-zuwachs-babypuppe-marc-ist-da\/\"]}]},{\"@type\":\"BreadcrumbList\",\"@id\":\"https:\/\/www.trendkids.de\/blog\/20\/trend-kids-zuwachs-babypuppe-marc-ist-da\/#breadcrumb\",\"itemListElement\":[{\"@type\":\"ListItem\",\"position\":1,\"name\":\"Startseite\",\"item\":\"https:\/\/www.trendkids.de\/blog\/\"},{\"@type\":\"ListItem\",\"position\":2,\"name\":\"trend-kids Zuwachs &#8211; Babypuppe Marc ist da\"}]},{\"@type\":\"WebSite\",\"@id\":\"https:\/\/www.trendkids.de\/blog\/#website\",\"url\":\"https:\/\/www.trendkids.de\/blog\/\",\"name\":\"on the blog\",\"description\":\"m\u00fctter, kinder und mode im trend der zeit\",\"potentialAction\":[{\"@type\":\"SearchAction\",\"target\":{\"@type\":\"EntryPoint\",\"urlTemplate\":\"https:\/\/www.trendkids.de\/blog\/?s={search_term_string}\"},\"query-input\":{\"@type\":\"PropertyValueSpecification\",\"valueRequired\":true,\"valueName\":\"search_term_string\"}}],\"inLanguage\":\"de\"},{\"@type\":\"Person\",\"@id\":\"https:\/\/www.trendkids.de\/blog\/#\/schema\/person\/92ed07b416d3b1bea72c647c91187a41\",\"name\":\"Karin\",\"image\":{\"@type\":\"ImageObject\",\"inLanguage\":\"de\",\"@id\":\"https:\/\/www.trendkids.de\/blog\/#\/schema\/person\/image\/\",\"url\":\"https:\/\/secure.gravatar.com\/avatar\/96b10ad36d091c8618cc915e5afb51197d7a050ea53dfc698db4b2a28987d572?s=96&d=mm&r=g\",\"contentUrl\":\"https:\/\/secure.gravatar.com\/avatar\/96b10ad36d091c8618cc915e5afb51197d7a050ea53dfc698db4b2a28987d572?s=96&d=mm&r=g\",\"caption\":\"Karin\"},\"sameAs\":[\"http:\/\/www.trend-kids.de\/\"],\"url\":\"https:\/\/www.trendkids.de\/blog\/author\/karin\/\"}]}<\/script>\n<!-- \/ Yoast SEO plugin. -->","yoast_head_json":{"title":"trend-kids Zuwachs - Babypuppe Marc ist da - on the blog","robots":{"index":"index","follow":"follow","max-snippet":"max-snippet:-1","max-image-preview":"max-image-preview:large","max-video-preview":"max-video-preview:-1"},"canonical":"https:\/\/www.trendkids.de\/blog\/20\/trend-kids-zuwachs-babypuppe-marc-ist-da\/","og_locale":"de_DE","og_type":"article","og_title":"trend-kids Zuwachs - Babypuppe Marc ist da - on the blog","og_description":"Vielleicht ist Euch schon vor einiger Zeit aufgefallen, dass wir Zuwachs bekommen haben: unser trend-kids Team wird jetzt von \u201eMarc\u201c verst\u00e4rkt. \u201eMarc\u201c ist unsere neu erworbene Babypuppe, mit deren Hilfe wir unsere Babybekleidung ansprechender pr\u00e4sentieren wollen. Babykleidung so zu fotografieren, dass man sich als Kunde seinen kleinen Wonneproppen darin vorstellen kann, ist nicht immer einfach. ... Weiterlesen ...","og_url":"https:\/\/www.trendkids.de\/blog\/20\/trend-kids-zuwachs-babypuppe-marc-ist-da\/","og_site_name":"on the blog","article_published_time":"2006-11-23T13:07:15+00:00","og_image":[{"url":"https:\/\/www.trendkids.de\/bildmaterial\/marc4D-480.jpg","type":"","width":"","height":""}],"author":"Karin","twitter_misc":{"Verfasst von":"Karin","Gesch\u00e4tzte Lesezeit":"1\u00a0Minute"},"schema":{"@context":"https:\/\/schema.org","@graph":[{"@type":"WebPage","@id":"https:\/\/www.trendkids.de\/blog\/20\/trend-kids-zuwachs-babypuppe-marc-ist-da\/","url":"https:\/\/www.trendkids.de\/blog\/20\/trend-kids-zuwachs-babypuppe-marc-ist-da\/","name":"trend-kids Zuwachs - Babypuppe Marc ist da - on the blog","isPartOf":{"@id":"https:\/\/www.trendkids.de\/blog\/#website"},"datePublished":"2006-11-23T13:07:15+00:00","author":{"@id":"https:\/\/www.trendkids.de\/blog\/#\/schema\/person\/92ed07b416d3b1bea72c647c91187a41"},"breadcrumb":{"@id":"https:\/\/www.trendkids.de\/blog\/20\/trend-kids-zuwachs-babypuppe-marc-ist-da\/#breadcrumb"},"inLanguage":"de","potentialAction":[{"@type":"ReadAction","target":["https:\/\/www.trendkids.de\/blog\/20\/trend-kids-zuwachs-babypuppe-marc-ist-da\/"]}]},{"@type":"BreadcrumbList","@id":"https:\/\/www.trendkids.de\/blog\/20\/trend-kids-zuwachs-babypuppe-marc-ist-da\/#breadcrumb","itemListElement":[{"@type":"ListItem","position":1,"name":"Startseite","item":"https:\/\/www.trendkids.de\/blog\/"},{"@type":"ListItem","position":2,"name":"trend-kids Zuwachs &#8211; Babypuppe Marc ist da"}]},{"@type":"WebSite","@id":"https:\/\/www.trendkids.de\/blog\/#website","url":"https:\/\/www.trendkids.de\/blog\/","name":"on the blog","description":"m\u00fctter, kinder und mode im trend der zeit","potentialAction":[{"@type":"SearchAction","target":{"@type":"EntryPoint","urlTemplate":"https:\/\/www.trendkids.de\/blog\/?s={search_term_string}"},"query-input":{"@type":"PropertyValueSpecification","valueRequired":true,"valueName":"search_term_string"}}],"inLanguage":"de"},{"@type":"Person","@id":"https:\/\/www.trendkids.de\/blog\/#\/schema\/person\/92ed07b416d3b1bea72c647c91187a41","name":"Karin","image":{"@type":"ImageObject","inLanguage":"de","@id":"https:\/\/www.trendkids.de\/blog\/#\/schema\/person\/image\/","url":"https:\/\/secure.gravatar.com\/avatar\/96b10ad36d091c8618cc915e5afb51197d7a050ea53dfc698db4b2a28987d572?s=96&d=mm&r=g","contentUrl":"https:\/\/secure.gravatar.com\/avatar\/96b10ad36d091c8618cc915e5afb51197d7a050ea53dfc698db4b2a28987d572?s=96&d=mm&r=g","caption":"Karin"},"sameAs":["http:\/\/www.trend-kids.de\/"],"url":"https:\/\/www.trendkids.de\/blog\/author\/karin\/"}]}},"_links":{"self":[{"href":"https:\/\/www.trendkids.de\/blog\/wp-json\/wp\/v2\/posts\/20","targetHints":{"allow":["GET"]}}],"collection":[{"href":"https:\/\/www.trendkids.de\/blog\/wp-json\/wp\/v2\/posts"}],"about":[{"href":"https:\/\/www.trendkids.de\/blog\/wp-json\/wp\/v2\/types\/post"}],"author":[{"embeddable":true,"href":"https:\/\/www.trendkids.de\/blog\/wp-json\/wp\/v2\/users\/4"}],"replies":[{"embeddable":true,"href":"https:\/\/www.trendkids.de\/blog\/wp-json\/wp\/v2\/comments?post=20"}],"version-history":[{"count":0,"href":"https:\/\/www.trendkids.de\/blog\/wp-json\/wp\/v2\/posts\/20\/revisions"}],"wp:attachment":[{"href":"https:\/\/www.trendkids.de\/blog\/wp-json\/wp\/v2\/media?parent=20"}],"wp:term":[{"taxonomy":"category","embeddable":true,"href":"https:\/\/www.trendkids.de\/blog\/wp-json\/wp\/v2\/categories?post=20"},{"taxonomy":"post_tag","embeddable":true,"href":"https:\/\/www.trendkids.de\/blog\/wp-json\/wp\/v2\/tags?post=20"}],"curies":[{"name":"wp","href":"https:\/\/api.w.org\/{rel}","templated":true}]}}