{"id":1433,"date":"2019-05-10T00:46:32","date_gmt":"2019-05-10T00:46:32","guid":{"rendered":"https:\/\/www.trendkids.de\/blog\/?p=1433"},"modified":"2019-05-10T01:20:13","modified_gmt":"2019-05-10T01:20:13","slug":"trendkids-de-ist-geschichte","status":"publish","type":"post","link":"https:\/\/www.trendkids.de\/blog\/1433\/trendkids-de-ist-geschichte\/","title":{"rendered":"Der Trend-Kids Shop ist Geschichte"},"content":{"rendered":"<p><img decoding=\"async\" src=\"https:\/\/www.trendkids.de\/blog\/wp-content\/uploads\/logo_paket-klein-300x211.jpg\" alt=\"trend-kids\" width=\"200\" height=\"140\" class=\"alignleft size-medium wp-image-416\" srcset=\"https:\/\/www.trendkids.de\/blog\/wp-content\/uploads\/logo_paket-klein-300x211.jpg 300w, https:\/\/www.trendkids.de\/blog\/wp-content\/uploads\/logo_paket-klein.jpg 531w\" sizes=\"(max-width: 200px) 100vw, 200px\" \/>Nach exakt 15 Jahren ist der Trend-Kids Kindermode Shop Geschichte. In der Nacht vom 31. April auf den 1. Mai 2019 wurde der Online Shop abgeschaltet. In K\u00fcrze gibt es noch einen Beitrag zur Schlie\u00dfung von den beiden Shop Betreiberinnen Karin und Monika. Ich habe jetzt erst einmal daf\u00fcr gesorgt, dass anstatt einer Wartungsseite das alte Trend-Kids Blog nach oben verfrachtet wurde. Das ist sicher hilfreicher als eine leere Seite. Und das Foto hier von unserem Shop-Hund Cora sorgt f\u00fcr etwas bunte Farbe.<\/p>\n<p><img decoding=\"async\" src=\"https:\/\/www.trendkids.de\/blog\/wp-content\/uploads\/trend-kids-cora.jpg\" alt=\"\" width=\"1200\" height=\"800\" class=\"aligncenter size-full wp-image-1437\" srcset=\"https:\/\/www.trendkids.de\/blog\/wp-content\/uploads\/trend-kids-cora.jpg 1200w, https:\/\/www.trendkids.de\/blog\/wp-content\/uploads\/trend-kids-cora-300x200.jpg 300w, https:\/\/www.trendkids.de\/blog\/wp-content\/uploads\/trend-kids-cora-768x512.jpg 768w, https:\/\/www.trendkids.de\/blog\/wp-content\/uploads\/trend-kids-cora-1024x683.jpg 1024w\" sizes=\"(max-width: 1200px) 100vw, 1200px\" \/><\/p>\n<p>Unsere Labradoodle H\u00fcndin Cora d\u00fcrfte einer der gr\u00f6\u00dften Profiteure der Shop-Schlie\u00dfung sein. Endlich hat Frauchen wieder mehr Zeit f\u00fcr den Hund \ud83d\ude09<\/p>\n<p>\u00dcbrigens, wer Interesse an einem sch\u00f6nen Domainnamen hat &#8211; die Domain trendkids.de steht zum Verkauf.<\/p>\n","protected":false},"excerpt":{"rendered":"<p>Nach exakt 15 Jahren ist der Trend-Kids Kindermode Shop Geschichte. In der Nacht vom 31. April auf den 1. Mai 2019 wurde der Online Shop abgeschaltet. In K\u00fcrze gibt es noch einen Beitrag zur Schlie\u00dfung von den beiden Shop Betreiberinnen Karin und Monika. Ich habe jetzt erst einmal daf\u00fcr gesorgt, dass anstatt einer Wartungsseite das &#8230; <a title=\"Der Trend-Kids Shop ist Geschichte\" class=\"read-more\" href=\"https:\/\/www.trendkids.de\/blog\/1433\/trendkids-de-ist-geschichte\/\">Weiterlesen &#8230;<\/a><\/p>\n","protected":false},"author":1,"featured_media":0,"comment_status":"open","ping_status":"open","sticky":false,"template":"","format":"standard","meta":{"generate_page_header":"","footnotes":""},"categories":[13],"tags":[],"class_list":["post-1433","post","type-post","status-publish","format-standard","hentry","category-trend-kids-news"],"yoast_head":"<!-- This site is optimized with the Yoast SEO plugin v24.8.1 - https:\/\/yoast.com\/wordpress\/plugins\/seo\/ -->\n<title>Der Trend-Kids Shop ist Geschichte - on the blog<\/title>\n<meta name=\"robots\" content=\"index, follow, max-snippet:-1, max-image-preview:large, max-video-preview:-1\" \/>\n<link rel=\"canonical\" href=\"https:\/\/www.trendkids.de\/blog\/1433\/trendkids-de-ist-geschichte\/\" \/>\n<meta property=\"og:locale\" content=\"de_DE\" \/>\n<meta property=\"og:type\" content=\"article\" \/>\n<meta property=\"og:title\" content=\"Der Trend-Kids Shop ist Geschichte - on the blog\" \/>\n<meta property=\"og:description\" content=\"Nach exakt 15 Jahren ist der Trend-Kids Kindermode Shop Geschichte. In der Nacht vom 31. April auf den 1. Mai 2019 wurde der Online Shop abgeschaltet. In K\u00fcrze gibt es noch einen Beitrag zur Schlie\u00dfung von den beiden Shop Betreiberinnen Karin und Monika. Ich habe jetzt erst einmal daf\u00fcr gesorgt, dass anstatt einer Wartungsseite das ... Weiterlesen ...\" \/>\n<meta property=\"og:url\" content=\"https:\/\/www.trendkids.de\/blog\/1433\/trendkids-de-ist-geschichte\/\" \/>\n<meta property=\"og:site_name\" content=\"on the blog\" \/>\n<meta property=\"article:published_time\" content=\"2019-05-10T00:46:32+00:00\" \/>\n<meta property=\"article:modified_time\" content=\"2019-05-10T01:20:13+00:00\" \/>\n<meta property=\"og:image\" content=\"https:\/\/www.trendkids.de\/blog\/wp-content\/uploads\/logo_paket-klein-300x211.jpg\" \/>\n<meta name=\"author\" content=\"Gerald\" \/>\n<meta name=\"twitter:label1\" content=\"Verfasst von\" \/>\n\t<meta name=\"twitter:data1\" content=\"Gerald\" \/>\n\t<meta name=\"twitter:label2\" content=\"Gesch\u00e4tzte Lesezeit\" \/>\n\t<meta name=\"twitter:data2\" content=\"1\u00a0Minute\" \/>\n<script type=\"application\/ld+json\" class=\"yoast-schema-graph\">{\"@context\":\"https:\/\/schema.org\",\"@graph\":[{\"@type\":\"WebPage\",\"@id\":\"https:\/\/www.trendkids.de\/blog\/1433\/trendkids-de-ist-geschichte\/\",\"url\":\"https:\/\/www.trendkids.de\/blog\/1433\/trendkids-de-ist-geschichte\/\",\"name\":\"Der Trend-Kids Shop ist Geschichte - on the blog\",\"isPartOf\":{\"@id\":\"https:\/\/www.trendkids.de\/blog\/#website\"},\"primaryImageOfPage\":{\"@id\":\"https:\/\/www.trendkids.de\/blog\/1433\/trendkids-de-ist-geschichte\/#primaryimage\"},\"image\":{\"@id\":\"https:\/\/www.trendkids.de\/blog\/1433\/trendkids-de-ist-geschichte\/#primaryimage\"},\"thumbnailUrl\":\"https:\/\/www.trendkids.de\/blog\/wp-content\/uploads\/logo_paket-klein-300x211.jpg\",\"datePublished\":\"2019-05-10T00:46:32+00:00\",\"dateModified\":\"2019-05-10T01:20:13+00:00\",\"author\":{\"@id\":\"https:\/\/www.trendkids.de\/blog\/#\/schema\/person\/a8ce5a41c538f81ee45e264c8303f896\"},\"breadcrumb\":{\"@id\":\"https:\/\/www.trendkids.de\/blog\/1433\/trendkids-de-ist-geschichte\/#breadcrumb\"},\"inLanguage\":\"de\",\"potentialAction\":[{\"@type\":\"ReadAction\",\"target\":[\"https:\/\/www.trendkids.de\/blog\/1433\/trendkids-de-ist-geschichte\/\"]}]},{\"@type\":\"ImageObject\",\"inLanguage\":\"de\",\"@id\":\"https:\/\/www.trendkids.de\/blog\/1433\/trendkids-de-ist-geschichte\/#primaryimage\",\"url\":\"https:\/\/www.trendkids.de\/blog\/wp-content\/uploads\/logo_paket-klein.jpg\",\"contentUrl\":\"https:\/\/www.trendkids.de\/blog\/wp-content\/uploads\/logo_paket-klein.jpg\",\"width\":\"531\",\"height\":\"375\"},{\"@type\":\"BreadcrumbList\",\"@id\":\"https:\/\/www.trendkids.de\/blog\/1433\/trendkids-de-ist-geschichte\/#breadcrumb\",\"itemListElement\":[{\"@type\":\"ListItem\",\"position\":1,\"name\":\"Startseite\",\"item\":\"https:\/\/www.trendkids.de\/blog\/\"},{\"@type\":\"ListItem\",\"position\":2,\"name\":\"Der Trend-Kids Shop ist Geschichte\"}]},{\"@type\":\"WebSite\",\"@id\":\"https:\/\/www.trendkids.de\/blog\/#website\",\"url\":\"https:\/\/www.trendkids.de\/blog\/\",\"name\":\"on the blog\",\"description\":\"m\u00fctter, kinder und mode im trend der zeit\",\"potentialAction\":[{\"@type\":\"SearchAction\",\"target\":{\"@type\":\"EntryPoint\",\"urlTemplate\":\"https:\/\/www.trendkids.de\/blog\/?s={search_term_string}\"},\"query-input\":{\"@type\":\"PropertyValueSpecification\",\"valueRequired\":true,\"valueName\":\"search_term_string\"}}],\"inLanguage\":\"de\"},{\"@type\":\"Person\",\"@id\":\"https:\/\/www.trendkids.de\/blog\/#\/schema\/person\/a8ce5a41c538f81ee45e264c8303f896\",\"name\":\"Gerald\",\"image\":{\"@type\":\"ImageObject\",\"inLanguage\":\"de\",\"@id\":\"https:\/\/www.trendkids.de\/blog\/#\/schema\/person\/image\/\",\"url\":\"https:\/\/secure.gravatar.com\/avatar\/bb12bf230e00fff74fbab26c0745785fabea44bf93e9e4587ad92adfa88d9624?s=96&d=mm&r=g\",\"contentUrl\":\"https:\/\/secure.gravatar.com\/avatar\/bb12bf230e00fff74fbab26c0745785fabea44bf93e9e4587ad92adfa88d9624?s=96&d=mm&r=g\",\"caption\":\"Gerald\"},\"sameAs\":[\"http:\/\/www.mehrweb.com\"],\"url\":\"https:\/\/www.trendkids.de\/blog\/author\/admin\/\"}]}<\/script>\n<!-- \/ Yoast SEO plugin. -->","yoast_head_json":{"title":"Der Trend-Kids Shop ist Geschichte - on the blog","robots":{"index":"index","follow":"follow","max-snippet":"max-snippet:-1","max-image-preview":"max-image-preview:large","max-video-preview":"max-video-preview:-1"},"canonical":"https:\/\/www.trendkids.de\/blog\/1433\/trendkids-de-ist-geschichte\/","og_locale":"de_DE","og_type":"article","og_title":"Der Trend-Kids Shop ist Geschichte - on the blog","og_description":"Nach exakt 15 Jahren ist der Trend-Kids Kindermode Shop Geschichte. In der Nacht vom 31. April auf den 1. Mai 2019 wurde der Online Shop abgeschaltet. In K\u00fcrze gibt es noch einen Beitrag zur Schlie\u00dfung von den beiden Shop Betreiberinnen Karin und Monika. Ich habe jetzt erst einmal daf\u00fcr gesorgt, dass anstatt einer Wartungsseite das ... Weiterlesen ...","og_url":"https:\/\/www.trendkids.de\/blog\/1433\/trendkids-de-ist-geschichte\/","og_site_name":"on the blog","article_published_time":"2019-05-10T00:46:32+00:00","article_modified_time":"2019-05-10T01:20:13+00:00","og_image":[{"url":"https:\/\/www.trendkids.de\/blog\/wp-content\/uploads\/logo_paket-klein-300x211.jpg","type":"","width":"","height":""}],"author":"Gerald","twitter_misc":{"Verfasst von":"Gerald","Gesch\u00e4tzte Lesezeit":"1\u00a0Minute"},"schema":{"@context":"https:\/\/schema.org","@graph":[{"@type":"WebPage","@id":"https:\/\/www.trendkids.de\/blog\/1433\/trendkids-de-ist-geschichte\/","url":"https:\/\/www.trendkids.de\/blog\/1433\/trendkids-de-ist-geschichte\/","name":"Der Trend-Kids Shop ist Geschichte - on the blog","isPartOf":{"@id":"https:\/\/www.trendkids.de\/blog\/#website"},"primaryImageOfPage":{"@id":"https:\/\/www.trendkids.de\/blog\/1433\/trendkids-de-ist-geschichte\/#primaryimage"},"image":{"@id":"https:\/\/www.trendkids.de\/blog\/1433\/trendkids-de-ist-geschichte\/#primaryimage"},"thumbnailUrl":"https:\/\/www.trendkids.de\/blog\/wp-content\/uploads\/logo_paket-klein-300x211.jpg","datePublished":"2019-05-10T00:46:32+00:00","dateModified":"2019-05-10T01:20:13+00:00","author":{"@id":"https:\/\/www.trendkids.de\/blog\/#\/schema\/person\/a8ce5a41c538f81ee45e264c8303f896"},"breadcrumb":{"@id":"https:\/\/www.trendkids.de\/blog\/1433\/trendkids-de-ist-geschichte\/#breadcrumb"},"inLanguage":"de","potentialAction":[{"@type":"ReadAction","target":["https:\/\/www.trendkids.de\/blog\/1433\/trendkids-de-ist-geschichte\/"]}]},{"@type":"ImageObject","inLanguage":"de","@id":"https:\/\/www.trendkids.de\/blog\/1433\/trendkids-de-ist-geschichte\/#primaryimage","url":"https:\/\/www.trendkids.de\/blog\/wp-content\/uploads\/logo_paket-klein.jpg","contentUrl":"https:\/\/www.trendkids.de\/blog\/wp-content\/uploads\/logo_paket-klein.jpg","width":"531","height":"375"},{"@type":"BreadcrumbList","@id":"https:\/\/www.trendkids.de\/blog\/1433\/trendkids-de-ist-geschichte\/#breadcrumb","itemListElement":[{"@type":"ListItem","position":1,"name":"Startseite","item":"https:\/\/www.trendkids.de\/blog\/"},{"@type":"ListItem","position":2,"name":"Der Trend-Kids Shop ist Geschichte"}]},{"@type":"WebSite","@id":"https:\/\/www.trendkids.de\/blog\/#website","url":"https:\/\/www.trendkids.de\/blog\/","name":"on the blog","description":"m\u00fctter, kinder und mode im trend der zeit","potentialAction":[{"@type":"SearchAction","target":{"@type":"EntryPoint","urlTemplate":"https:\/\/www.trendkids.de\/blog\/?s={search_term_string}"},"query-input":{"@type":"PropertyValueSpecification","valueRequired":true,"valueName":"search_term_string"}}],"inLanguage":"de"},{"@type":"Person","@id":"https:\/\/www.trendkids.de\/blog\/#\/schema\/person\/a8ce5a41c538f81ee45e264c8303f896","name":"Gerald","image":{"@type":"ImageObject","inLanguage":"de","@id":"https:\/\/www.trendkids.de\/blog\/#\/schema\/person\/image\/","url":"https:\/\/secure.gravatar.com\/avatar\/bb12bf230e00fff74fbab26c0745785fabea44bf93e9e4587ad92adfa88d9624?s=96&d=mm&r=g","contentUrl":"https:\/\/secure.gravatar.com\/avatar\/bb12bf230e00fff74fbab26c0745785fabea44bf93e9e4587ad92adfa88d9624?s=96&d=mm&r=g","caption":"Gerald"},"sameAs":["http:\/\/www.mehrweb.com"],"url":"https:\/\/www.trendkids.de\/blog\/author\/admin\/"}]}},"_links":{"self":[{"href":"https:\/\/www.trendkids.de\/blog\/wp-json\/wp\/v2\/posts\/1433","targetHints":{"allow":["GET"]}}],"collection":[{"href":"https:\/\/www.trendkids.de\/blog\/wp-json\/wp\/v2\/posts"}],"about":[{"href":"https:\/\/www.trendkids.de\/blog\/wp-json\/wp\/v2\/types\/post"}],"author":[{"embeddable":true,"href":"https:\/\/www.trendkids.de\/blog\/wp-json\/wp\/v2\/users\/1"}],"replies":[{"embeddable":true,"href":"https:\/\/www.trendkids.de\/blog\/wp-json\/wp\/v2\/comments?post=1433"}],"version-history":[{"count":10,"href":"https:\/\/www.trendkids.de\/blog\/wp-json\/wp\/v2\/posts\/1433\/revisions"}],"predecessor-version":[{"id":1444,"href":"https:\/\/www.trendkids.de\/blog\/wp-json\/wp\/v2\/posts\/1433\/revisions\/1444"}],"wp:attachment":[{"href":"https:\/\/www.trendkids.de\/blog\/wp-json\/wp\/v2\/media?parent=1433"}],"wp:term":[{"taxonomy":"category","embeddable":true,"href":"https:\/\/www.trendkids.de\/blog\/wp-json\/wp\/v2\/categories?post=1433"},{"taxonomy":"post_tag","embeddable":true,"href":"https:\/\/www.trendkids.de\/blog\/wp-json\/wp\/v2\/tags?post=1433"}],"curies":[{"name":"wp","href":"https:\/\/api.w.org\/{rel}","templated":true}]}}